{"id":7367,"date":"2025-12-16T11:29:34","date_gmt":"2025-12-16T10:29:34","guid":{"rendered":"https:\/\/b.main-gauche.com\/?p=7367"},"modified":"2026-03-12T09:51:09","modified_gmt":"2026-03-12T08:51:09","slug":"idees-cadeaux-entreprise-noel","status":"publish","type":"post","link":"https:\/\/b.main-gauche.com\/idees-cadeaux-entreprise-noel\/","title":{"rendered":"Nos id\u00e9es cadeaux d&rsquo;entreprise pour les f\u00eates de fin d&rsquo;ann\u00e9e 2025"},"content":{"rendered":"\n<p><\/p>\n\n\n\n<p>L&rsquo;ann\u00e9e 2025 touche \u00e0 sa fin. <\/p>\n\n\n\n<p>Dans les bureaux, les derniers projets se bouclent, les \u00e9quipes commencent \u00e0 r\u00eaver de vacances et l\u2019esprit des f\u00eates s\u2019installe. <\/p>\n\n\n\n<p>Comme chaque ann\u00e9e, les entreprises se posent la m\u00eame question : <em>comment remercier mes collaborateurs et\/ou fid\u00e9liser mes clients ?<\/em><\/p>\n\n\n\n<p>Pourtant, trouver le bon objet, qui soit \u00e0 la fois qualitatif, durable, porteur de sens et coh\u00e9rent avec son image de marque\u2026 ce n\u2019est pas toujours \u00e9vident.<br>C\u2019est l\u00e0 que la personnalisation entre en sc\u00e8ne.<\/p>\n\n\n\n<p>Chez MAINGAUCHE, <strong>nous accompagnons chaque ann\u00e9e des centaines d\u2019entreprises, d\u2019associations, de marques et d\u2019acteurs de l\u2019h\u00f4tellerie-restauration dans la cr\u00e9ation de textiles personnalis\u00e9s<\/strong> utiles et parfaitement adapt\u00e9s \u00e0 leurs destinataires.<\/p>\n\n\n\n<p>C&rsquo;est pourquoi nous vous avons dress\u00e9 une liste non exhaustive des <strong>meilleures id\u00e9es de cadeaux d\u2019entreprise <\/strong>pour les f\u00eates de No\u00ebl, qui feront plaisir et qui durent dans le temps.<\/p>\n\n\n\n<p><strong>Sommaire <\/strong>: <\/p>\n\n\n\n<ul class=\"wp-block-list\">\n<li><a href=\"#sweat-broderie\">Le sweat brod\u00e9 personnalis\u00e9 pour \u00e9tudiants, marques ou entreprises<\/a><\/li>\n\n\n\n<li><a href=\"#bonnet-brode\">Le bonnet brod\u00e9 \u00e0 offrir pour No\u00ebl<\/a><\/li>\n\n\n\n<li><a href=\"#vestes-cadeau\">Nos diff\u00e9rentes vestes personnalis\u00e9es comme cadeau<\/a><\/li>\n\n\n\n<li><a href=\"#sacs-personnalises\">Offrez des sacs personnalis\u00e9s \u00e0 No\u00ebl<\/a><\/li>\n<\/ul>\n\n\n\n<p><\/p>\n\n\n\n<h2 class=\"wp-block-heading\" id=\"sweat-broderie\">Le sweat personnalis\u00e9 comme cadeau de fin d&rsquo;ann\u00e9e<\/h2>\n\n\n\n<p><\/p>\n\n\n\n<h3 class=\"wp-block-heading\"><em>Le sweat pas cher \u00e0 personnaliser pour \u00e9tudiants<\/em><\/h3>\n\n\n\n<p><\/p>\n\n\n\n<p>Pour les associations et BDE, le sweat basique repr\u00e9sente le combo parfait : <strong>petits prix, facile \u00e0 personnaliser, et appr\u00e9ci\u00e9 par tous<\/strong>.<br>\u00c0 l\u2019approche des f\u00eates, on le retrouve partout. Il cr\u00e9e du lien et permet de remercier les b\u00e9n\u00e9voles ou les membres actifs sans exploser le budget.<\/p>\n\n\n\n<p><\/p>\n\n\n\n<figure class=\"wp-block-gallery has-nested-images columns-default is-cropped wp-block-gallery-1 is-layout-flex wp-block-gallery-is-layout-flex\">\n<figure class=\"wp-block-image size-large\"><img fetchpriority=\"high\" decoding=\"async\" width=\"1024\" height=\"1024\" data-id=\"7377\" src=\"https:\/\/main-gauche.com\/blog\/wp-content\/uploads\/2025\/11\/sweat-etudiant-broderie-1024x1024.webp\" alt=\"Sweat \u00e0 capuche pour \u00e9tudiants \u00e0 personnaliser \" class=\"wp-image-7377\" srcset=\"https:\/\/b.main-gauche.com\/wp-content\/uploads\/2025\/11\/sweat-etudiant-broderie-1024x1024.webp 1024w, https:\/\/b.main-gauche.com\/wp-content\/uploads\/2025\/11\/sweat-etudiant-broderie-300x300.webp 300w, https:\/\/b.main-gauche.com\/wp-content\/uploads\/2025\/11\/sweat-etudiant-broderie-150x150.webp 150w, https:\/\/b.main-gauche.com\/wp-content\/uploads\/2025\/11\/sweat-etudiant-broderie-768x768.webp 768w, https:\/\/b.main-gauche.com\/wp-content\/uploads\/2025\/11\/sweat-etudiant-broderie-800x800.webp 800w, https:\/\/b.main-gauche.com\/wp-content\/uploads\/2025\/11\/sweat-etudiant-broderie-100x100.webp 100w, https:\/\/b.main-gauche.com\/wp-content\/uploads\/2025\/11\/sweat-etudiant-broderie-170x170.webp 170w, https:\/\/b.main-gauche.com\/wp-content\/uploads\/2025\/11\/sweat-etudiant-broderie.webp 1116w\" sizes=\"(max-width: 1024px) 100vw, 1024px\" \/><\/figure>\n\n\n\n<figure class=\"wp-block-image size-large\"><img decoding=\"async\" width=\"1024\" height=\"1024\" data-id=\"7378\" src=\"https:\/\/main-gauche.com\/blog\/wp-content\/uploads\/2025\/11\/broderie-coeur-sur-sweat-jh001-1024x1024.webp\" alt=\"Broderie coeur sur sweat \u00e0 capuche\" class=\"wp-image-7378\" srcset=\"https:\/\/b.main-gauche.com\/wp-content\/uploads\/2025\/11\/broderie-coeur-sur-sweat-jh001-1024x1024.webp 1024w, https:\/\/b.main-gauche.com\/wp-content\/uploads\/2025\/11\/broderie-coeur-sur-sweat-jh001-300x300.webp 300w, https:\/\/b.main-gauche.com\/wp-content\/uploads\/2025\/11\/broderie-coeur-sur-sweat-jh001-150x150.webp 150w, https:\/\/b.main-gauche.com\/wp-content\/uploads\/2025\/11\/broderie-coeur-sur-sweat-jh001-768x768.webp 768w, https:\/\/b.main-gauche.com\/wp-content\/uploads\/2025\/11\/broderie-coeur-sur-sweat-jh001-800x800.webp 800w, https:\/\/b.main-gauche.com\/wp-content\/uploads\/2025\/11\/broderie-coeur-sur-sweat-jh001-100x100.webp 100w, https:\/\/b.main-gauche.com\/wp-content\/uploads\/2025\/11\/broderie-coeur-sur-sweat-jh001-170x170.webp 170w, https:\/\/b.main-gauche.com\/wp-content\/uploads\/2025\/11\/broderie-coeur-sur-sweat-jh001.webp 1116w\" sizes=\"(max-width: 1024px) 100vw, 1024px\" \/><\/figure>\n\n\n\n<figure class=\"wp-block-image size-large\"><img decoding=\"async\" width=\"1024\" height=\"1024\" data-id=\"7379\" src=\"https:\/\/main-gauche.com\/blog\/wp-content\/uploads\/2025\/11\/sweat-capuche-personnalisable-broderie-1024x1024.webp\" alt=\"Hoodie imprim\u00e9 personnalis\u00e9 pour associations \u00e9tudiantes et BDE\" class=\"wp-image-7379\" srcset=\"https:\/\/b.main-gauche.com\/wp-content\/uploads\/2025\/11\/sweat-capuche-personnalisable-broderie-1024x1024.webp 1024w, https:\/\/b.main-gauche.com\/wp-content\/uploads\/2025\/11\/sweat-capuche-personnalisable-broderie-300x300.webp 300w, https:\/\/b.main-gauche.com\/wp-content\/uploads\/2025\/11\/sweat-capuche-personnalisable-broderie-150x150.webp 150w, https:\/\/b.main-gauche.com\/wp-content\/uploads\/2025\/11\/sweat-capuche-personnalisable-broderie-768x768.webp 768w, https:\/\/b.main-gauche.com\/wp-content\/uploads\/2025\/11\/sweat-capuche-personnalisable-broderie-800x800.webp 800w, https:\/\/b.main-gauche.com\/wp-content\/uploads\/2025\/11\/sweat-capuche-personnalisable-broderie-100x100.webp 100w, https:\/\/b.main-gauche.com\/wp-content\/uploads\/2025\/11\/sweat-capuche-personnalisable-broderie-170x170.webp 170w, https:\/\/b.main-gauche.com\/wp-content\/uploads\/2025\/11\/sweat-capuche-personnalisable-broderie.webp 1116w\" sizes=\"(max-width: 1024px) 100vw, 1024px\" \/><\/figure>\n<\/figure>\n\n\n\n<p class=\"has-text-align-center\"><em>Le sweat pas cher \u00e0 personnaliser JH001 de Just Hoods<\/em><\/p>\n\n\n\n<p><\/p>\n\n\n\n<div class=\"wp-block-buttons is-content-justification-center is-layout-flex wp-container-core-buttons-is-layout-a89b3969 wp-block-buttons-is-layout-flex\">\n<div class=\"wp-block-button\"><a class=\"wp-block-button__link wp-element-button\" href=\"https:\/\/main-gauche.com\/produits\/just-hoods\/jh001\">Personnaliser ce sweat \u00e0 capuche pour \u00e9tudiants<\/a><\/div>\n<\/div>\n\n\n\n<p><\/p>\n\n\n\n<p><strong>Pourquoi ce sweat ?<\/strong><\/p>\n\n\n\n<ul class=\"wp-block-list\">\n<li>tr\u00e8s bon <strong>rapport qualit\u00e9\/prix<\/strong><\/li>\n\n\n\n<li>id\u00e9al pour une s\u00e9rigraphie simple ou un <strong>logo minimaliste<\/strong><\/li>\n\n\n\n<li><strong>look unisexe<\/strong>, facile \u00e0 porter<\/li>\n\n\n\n<li>parfait pour des <strong>commandes en volume<\/strong><\/li>\n<\/ul>\n\n\n\n<p><\/p>\n\n\n\n<h3 class=\"wp-block-heading\"><em>Le sweat premium en coton \u00e9pais \u00e0 offrir \u00e0 ses collaborateurs<\/em><\/h3>\n\n\n\n<p><\/p>\n\n\n\n<p>Offrez <a href=\"https:\/\/main-gauche.com\/personnaliser\/sweats\">un sweat premium \u00e0 vos collaborateurs comme cadeau de No\u00ebl<\/a> ! Cette petite attention vous permettra de renforcer le sentiment d&rsquo;appartenance \u00e0 votre organisation, gr\u00e2ce \u00e0 un textile durable et confortable.<br>Ce mod\u00e8le, plus \u00e9pais et sublim\u00e9 par la broderie, donne imm\u00e9diatement une impression de qualit\u00e9 et d\u2019attention particuli\u00e8re.<\/p>\n\n\n\n<p><\/p>\n\n\n\n<figure class=\"wp-block-gallery has-nested-images columns-default is-cropped wp-block-gallery-2 is-layout-flex wp-block-gallery-is-layout-flex\">\n<figure class=\"wp-block-image size-large\"><img loading=\"lazy\" decoding=\"async\" width=\"1024\" height=\"1024\" data-id=\"7380\" src=\"https:\/\/main-gauche.com\/blog\/wp-content\/uploads\/2025\/11\/23-42227-google-sweat_inspiration2-1024x1024.webp\" alt=\"Pull \u00e0 col rond personnalis\u00e9 pour entreprise\" class=\"wp-image-7380\" srcset=\"https:\/\/b.main-gauche.com\/wp-content\/uploads\/2025\/11\/23-42227-google-sweat_inspiration2-1024x1024.webp 1024w, https:\/\/b.main-gauche.com\/wp-content\/uploads\/2025\/11\/23-42227-google-sweat_inspiration2-300x300.webp 300w, https:\/\/b.main-gauche.com\/wp-content\/uploads\/2025\/11\/23-42227-google-sweat_inspiration2-150x150.webp 150w, https:\/\/b.main-gauche.com\/wp-content\/uploads\/2025\/11\/23-42227-google-sweat_inspiration2-768x768.webp 768w, https:\/\/b.main-gauche.com\/wp-content\/uploads\/2025\/11\/23-42227-google-sweat_inspiration2-800x800.webp 800w, https:\/\/b.main-gauche.com\/wp-content\/uploads\/2025\/11\/23-42227-google-sweat_inspiration2-100x100.webp 100w, https:\/\/b.main-gauche.com\/wp-content\/uploads\/2025\/11\/23-42227-google-sweat_inspiration2-170x170.webp 170w, https:\/\/b.main-gauche.com\/wp-content\/uploads\/2025\/11\/23-42227-google-sweat_inspiration2.webp 1116w\" sizes=\"(max-width: 1024px) 100vw, 1024px\" \/><\/figure>\n\n\n\n<figure class=\"wp-block-image size-large\"><img loading=\"lazy\" decoding=\"async\" width=\"1024\" height=\"1024\" data-id=\"7381\" src=\"https:\/\/main-gauche.com\/blog\/wp-content\/uploads\/2025\/11\/23-42227-google-sweat_inspiration1-1024x1024.webp\" alt=\"Pull brod\u00e9 personnalis\u00e9 comme cadeau de fin d'ann\u00e9e\" class=\"wp-image-7381\" srcset=\"https:\/\/b.main-gauche.com\/wp-content\/uploads\/2025\/11\/23-42227-google-sweat_inspiration1-1024x1024.webp 1024w, https:\/\/b.main-gauche.com\/wp-content\/uploads\/2025\/11\/23-42227-google-sweat_inspiration1-300x300.webp 300w, https:\/\/b.main-gauche.com\/wp-content\/uploads\/2025\/11\/23-42227-google-sweat_inspiration1-150x150.webp 150w, https:\/\/b.main-gauche.com\/wp-content\/uploads\/2025\/11\/23-42227-google-sweat_inspiration1-768x768.webp 768w, https:\/\/b.main-gauche.com\/wp-content\/uploads\/2025\/11\/23-42227-google-sweat_inspiration1-800x800.webp 800w, https:\/\/b.main-gauche.com\/wp-content\/uploads\/2025\/11\/23-42227-google-sweat_inspiration1-100x100.webp 100w, https:\/\/b.main-gauche.com\/wp-content\/uploads\/2025\/11\/23-42227-google-sweat_inspiration1-170x170.webp 170w, https:\/\/b.main-gauche.com\/wp-content\/uploads\/2025\/11\/23-42227-google-sweat_inspiration1.webp 1116w\" sizes=\"(max-width: 1024px) 100vw, 1024px\" \/><\/figure>\n\n\n\n<figure class=\"wp-block-image size-large\"><img loading=\"lazy\" decoding=\"async\" width=\"1024\" height=\"1024\" data-id=\"7382\" src=\"https:\/\/main-gauche.com\/blog\/wp-content\/uploads\/2025\/11\/23-42227-google-sweat_zoom-1024x1024.webp\" alt=\"Broderie sur pull bleu \u00e0 personnaliser\" class=\"wp-image-7382\" srcset=\"https:\/\/b.main-gauche.com\/wp-content\/uploads\/2025\/11\/23-42227-google-sweat_zoom-1024x1024.webp 1024w, https:\/\/b.main-gauche.com\/wp-content\/uploads\/2025\/11\/23-42227-google-sweat_zoom-300x300.webp 300w, https:\/\/b.main-gauche.com\/wp-content\/uploads\/2025\/11\/23-42227-google-sweat_zoom-150x150.webp 150w, https:\/\/b.main-gauche.com\/wp-content\/uploads\/2025\/11\/23-42227-google-sweat_zoom-768x768.webp 768w, https:\/\/b.main-gauche.com\/wp-content\/uploads\/2025\/11\/23-42227-google-sweat_zoom-800x800.webp 800w, https:\/\/b.main-gauche.com\/wp-content\/uploads\/2025\/11\/23-42227-google-sweat_zoom-100x100.webp 100w, https:\/\/b.main-gauche.com\/wp-content\/uploads\/2025\/11\/23-42227-google-sweat_zoom-170x170.webp 170w, https:\/\/b.main-gauche.com\/wp-content\/uploads\/2025\/11\/23-42227-google-sweat_zoom.webp 1116w\" sizes=\"(max-width: 1024px) 100vw, 1024px\" \/><\/figure>\n<\/figure>\n\n\n\n<p class=\"has-text-align-center\"><em>Exemple du pull premium Roller de Stanley\/Stella<\/em><\/p>\n\n\n\n<p><\/p>\n\n\n\n<div class=\"wp-block-buttons is-content-justification-center is-layout-flex wp-container-core-buttons-is-layout-a89b3969 wp-block-buttons-is-layout-flex\">\n<div class=\"wp-block-button\"><a class=\"wp-block-button__link wp-element-button\" href=\"https:\/\/main-gauche.com\/produits\/stanley-stella\/stsu868\">Personnaliser ce pull col rond pour mes \u00e9quipes<\/a><\/div>\n<\/div>\n\n\n\n<p><\/p>\n\n\n\n<p><strong>Pourquoi ce sweat <\/strong>?<\/p>\n\n\n\n<ul class=\"wp-block-list\">\n<li><strong>mati\u00e8re \u00e9paisse et durable<\/strong> (300 g\/m\u00b2 et +)<\/li>\n\n\n\n<li><strong>broderie de qualit\u00e9<\/strong> pour un rendu professionnel<\/li>\n\n\n\n<li>id\u00e9al pour <strong>cr\u00e9er un textile corporate<\/strong> que les \u00e9quipes portent vraiment<\/li>\n\n\n\n<li>un cadeau utile, chaleureux et per\u00e7u comme qualitatif<\/li>\n<\/ul>\n\n\n\n<p><\/p>\n\n\n\n<h2 class=\"wp-block-heading\" id=\"bonnet-brode\">Le bonnet brod\u00e9 \u00e0 offrir pour No\u00ebl<\/h2>\n\n\n\n<p><\/p>\n\n\n\n<h3 class=\"wp-block-heading\"><em>Le bonnet pas cher \u00e0 personnaliser pour BDE <\/em><\/h3>\n\n\n\n<p><\/p>\n\n\n\n<p>Parmi les indispensables de saison, le <a href=\"https:\/\/main-gauche.com\/personnaliser\/bonnets\">bonnet brod\u00e9 personnalis\u00e9<\/a> est un cadeau chaleureux et utile \u00e0 offrir.<\/p>\n\n\n\n<p>Le fait de l\u2019offrir aux membres de votre association vous permettra (<em>outre de faire plaisir \u00e0 ces derniers<\/em>) de renforcer la visibilit\u00e9 de l\u2019association partout o\u00f9 elle se d\u00e9place. Il porte <strong>vos couleurs, votre logo, votre message<\/strong>, tout en restant un objet utile durant toute la saison froide.<\/p>\n\n\n\n<p><\/p>\n\n\n\n<figure class=\"wp-block-gallery has-nested-images columns-default is-cropped wp-block-gallery-3 is-layout-flex wp-block-gallery-is-layout-flex\">\n<figure class=\"wp-block-image size-large\"><img loading=\"lazy\" decoding=\"async\" width=\"1024\" height=\"1024\" data-id=\"7384\" src=\"https:\/\/main-gauche.com\/blog\/wp-content\/uploads\/2025\/11\/23-42789-riseup-bonnet_principale-1024x1024.webp\" alt=\"Bonnet brod\u00e9 pour une marque de v\u00eatements\" class=\"wp-image-7384\" srcset=\"https:\/\/b.main-gauche.com\/wp-content\/uploads\/2025\/11\/23-42789-riseup-bonnet_principale-1024x1024.webp 1024w, https:\/\/b.main-gauche.com\/wp-content\/uploads\/2025\/11\/23-42789-riseup-bonnet_principale-300x300.webp 300w, https:\/\/b.main-gauche.com\/wp-content\/uploads\/2025\/11\/23-42789-riseup-bonnet_principale-150x150.webp 150w, https:\/\/b.main-gauche.com\/wp-content\/uploads\/2025\/11\/23-42789-riseup-bonnet_principale-768x768.webp 768w, https:\/\/b.main-gauche.com\/wp-content\/uploads\/2025\/11\/23-42789-riseup-bonnet_principale-800x800.webp 800w, https:\/\/b.main-gauche.com\/wp-content\/uploads\/2025\/11\/23-42789-riseup-bonnet_principale-100x100.webp 100w, https:\/\/b.main-gauche.com\/wp-content\/uploads\/2025\/11\/23-42789-riseup-bonnet_principale-170x170.webp 170w, https:\/\/b.main-gauche.com\/wp-content\/uploads\/2025\/11\/23-42789-riseup-bonnet_principale.webp 1116w\" sizes=\"(max-width: 1024px) 100vw, 1024px\" \/><\/figure>\n\n\n\n<figure class=\"wp-block-image size-large\"><img loading=\"lazy\" decoding=\"async\" width=\"1024\" height=\"1024\" data-id=\"7383\" src=\"https:\/\/main-gauche.com\/blog\/wp-content\/uploads\/2025\/11\/23-41825_samsung_bonnet_principale-1024x1024.webp\" alt=\"Bonnet brod\u00e9 pour ses collaborateurs\" class=\"wp-image-7383\" srcset=\"https:\/\/b.main-gauche.com\/wp-content\/uploads\/2025\/11\/23-41825_samsung_bonnet_principale-1024x1024.webp 1024w, https:\/\/b.main-gauche.com\/wp-content\/uploads\/2025\/11\/23-41825_samsung_bonnet_principale-300x300.webp 300w, https:\/\/b.main-gauche.com\/wp-content\/uploads\/2025\/11\/23-41825_samsung_bonnet_principale-150x150.webp 150w, https:\/\/b.main-gauche.com\/wp-content\/uploads\/2025\/11\/23-41825_samsung_bonnet_principale-768x768.webp 768w, https:\/\/b.main-gauche.com\/wp-content\/uploads\/2025\/11\/23-41825_samsung_bonnet_principale-800x800.webp 800w, https:\/\/b.main-gauche.com\/wp-content\/uploads\/2025\/11\/23-41825_samsung_bonnet_principale-100x100.webp 100w, https:\/\/b.main-gauche.com\/wp-content\/uploads\/2025\/11\/23-41825_samsung_bonnet_principale-170x170.webp 170w, https:\/\/b.main-gauche.com\/wp-content\/uploads\/2025\/11\/23-41825_samsung_bonnet_principale.webp 1116w\" sizes=\"(max-width: 1024px) 100vw, 1024px\" \/><\/figure>\n\n\n\n<figure class=\"wp-block-image size-full\"><img loading=\"lazy\" decoding=\"async\" width=\"1024\" height=\"1024\" data-id=\"7386\" src=\"https:\/\/main-gauche.com\/blog\/wp-content\/uploads\/2025\/11\/bonnet-broderie-personnalisable.webp\" alt=\"Bonnet brod\u00e9 personnalis\u00e9 pour les membres d'une association\" class=\"wp-image-7386\" srcset=\"https:\/\/b.main-gauche.com\/wp-content\/uploads\/2025\/11\/bonnet-broderie-personnalisable.webp 1024w, https:\/\/b.main-gauche.com\/wp-content\/uploads\/2025\/11\/bonnet-broderie-personnalisable-300x300.webp 300w, https:\/\/b.main-gauche.com\/wp-content\/uploads\/2025\/11\/bonnet-broderie-personnalisable-150x150.webp 150w, https:\/\/b.main-gauche.com\/wp-content\/uploads\/2025\/11\/bonnet-broderie-personnalisable-768x768.webp 768w, https:\/\/b.main-gauche.com\/wp-content\/uploads\/2025\/11\/bonnet-broderie-personnalisable-170x170.webp 170w\" sizes=\"(max-width: 1024px) 100vw, 1024px\" \/><\/figure>\n<\/figure>\n\n\n\n<p class=\"has-text-align-center\"><em>Exemple du bonnet B45 de Beechfield<\/em><\/p>\n\n\n\n<p><\/p>\n\n\n\n<div class=\"wp-block-buttons is-content-justification-center is-layout-flex wp-container-core-buttons-is-layout-a89b3969 wp-block-buttons-is-layout-flex\">\n<div class=\"wp-block-button\"><a class=\"wp-block-button__link wp-element-button\" href=\"https:\/\/main-gauche.com\/produits\/beechfield\/b45\">Personnaliser ce bonnet unisexe pour association<\/a><\/div>\n<\/div>\n\n\n\n<p><\/p>\n\n\n\n<p><strong>Pourquoi ce bonnet ?<\/strong><\/p>\n\n\n\n<ul class=\"wp-block-list\">\n<li>un petit prix id\u00e9al pour les associations au budget serr\u00e9<\/li>\n\n\n\n<li>parfait pour une <strong>broderie simple mais visible<\/strong> (logo, initiales, ann\u00e9e\u2026)<\/li>\n\n\n\n<li>mod\u00e8le unisexe, facile \u00e0 porter et appr\u00e9ci\u00e9 de tous<\/li>\n\n\n\n<li>un cadeau utile pendant toute la p\u00e9riode hivernale<\/li>\n<\/ul>\n\n\n\n<p><\/p>\n\n\n\n<h2 class=\"wp-block-heading\" id=\"vestes-cadeau\">Nos diff\u00e9rentes vestes personnalis\u00e9es comme cadeau<\/h2>\n\n\n\n<p><\/p>\n\n\n\n<h3 class=\"wp-block-heading\"><em>Offrir une softshell imprim\u00e9e comme cadeau d&rsquo;\u00e9quipe<\/em><\/h3>\n\n\n\n<p><\/p>\n\n\n\n<p>Quand arrive la fin d\u2019ann\u00e9e, les associations cherchent souvent un cadeau durable et accessible pour remercier leurs membres, coachs ou b\u00e9n\u00e9voles.<br>La <a href=\"https:\/\/main-gauche.com\/personnaliser\/vestes\/softshells\">veste softshell entr\u00e9e de gamme<\/a> coche toutes les cases : elle prot\u00e8ge du vent, r\u00e9siste \u00e0 la pluie fine, tient chaud\u2026 tout en restant dans un budget raisonnable. Parfaite pour les \u00e9quipes sportives en d\u00e9placement, les sorties de clubs, ou m\u00eame les staffs des \u00e9v\u00e9nements \u00e9tudiants lors des march\u00e9s de No\u00ebl ou tournois d\u2019hiver.<\/p>\n\n\n\n<p><\/p>\n\n\n\n<figure class=\"wp-block-gallery has-nested-images columns-default is-cropped wp-block-gallery-4 is-layout-flex wp-block-gallery-is-layout-flex\">\n<figure class=\"wp-block-image size-large\"><img loading=\"lazy\" decoding=\"async\" width=\"1024\" height=\"1024\" data-id=\"7389\" src=\"https:\/\/main-gauche.com\/blog\/wp-content\/uploads\/2025\/11\/23-37492-moulin-garrigue-softshell_inspiration1-1024x1024.webp\" alt=\"Veste softshell imprim\u00e9e c\u00f4t\u00e9 coeur \u00e0 personnaliser\" class=\"wp-image-7389\" srcset=\"https:\/\/b.main-gauche.com\/wp-content\/uploads\/2025\/11\/23-37492-moulin-garrigue-softshell_inspiration1-1024x1024.webp 1024w, https:\/\/b.main-gauche.com\/wp-content\/uploads\/2025\/11\/23-37492-moulin-garrigue-softshell_inspiration1-300x300.webp 300w, https:\/\/b.main-gauche.com\/wp-content\/uploads\/2025\/11\/23-37492-moulin-garrigue-softshell_inspiration1-150x150.webp 150w, https:\/\/b.main-gauche.com\/wp-content\/uploads\/2025\/11\/23-37492-moulin-garrigue-softshell_inspiration1-768x768.webp 768w, https:\/\/b.main-gauche.com\/wp-content\/uploads\/2025\/11\/23-37492-moulin-garrigue-softshell_inspiration1-800x800.webp 800w, https:\/\/b.main-gauche.com\/wp-content\/uploads\/2025\/11\/23-37492-moulin-garrigue-softshell_inspiration1-100x100.webp 100w, https:\/\/b.main-gauche.com\/wp-content\/uploads\/2025\/11\/23-37492-moulin-garrigue-softshell_inspiration1-170x170.webp 170w, https:\/\/b.main-gauche.com\/wp-content\/uploads\/2025\/11\/23-37492-moulin-garrigue-softshell_inspiration1.webp 1116w\" sizes=\"(max-width: 1024px) 100vw, 1024px\" \/><\/figure>\n\n\n\n<figure class=\"wp-block-image size-large\"><img loading=\"lazy\" decoding=\"async\" width=\"1024\" height=\"1024\" data-id=\"7388\" src=\"https:\/\/main-gauche.com\/blog\/wp-content\/uploads\/2025\/11\/23-37492-moulin-garrigue-softshell_principale-1024x1024.webp\" alt=\"S\u00e9rigraphie dans le dos d'une veste softshell\" class=\"wp-image-7388\" srcset=\"https:\/\/b.main-gauche.com\/wp-content\/uploads\/2025\/11\/23-37492-moulin-garrigue-softshell_principale-1024x1024.webp 1024w, https:\/\/b.main-gauche.com\/wp-content\/uploads\/2025\/11\/23-37492-moulin-garrigue-softshell_principale-300x300.webp 300w, https:\/\/b.main-gauche.com\/wp-content\/uploads\/2025\/11\/23-37492-moulin-garrigue-softshell_principale-150x150.webp 150w, https:\/\/b.main-gauche.com\/wp-content\/uploads\/2025\/11\/23-37492-moulin-garrigue-softshell_principale-768x768.webp 768w, https:\/\/b.main-gauche.com\/wp-content\/uploads\/2025\/11\/23-37492-moulin-garrigue-softshell_principale-800x800.webp 800w, https:\/\/b.main-gauche.com\/wp-content\/uploads\/2025\/11\/23-37492-moulin-garrigue-softshell_principale-100x100.webp 100w, https:\/\/b.main-gauche.com\/wp-content\/uploads\/2025\/11\/23-37492-moulin-garrigue-softshell_principale-170x170.webp 170w, https:\/\/b.main-gauche.com\/wp-content\/uploads\/2025\/11\/23-37492-moulin-garrigue-softshell_principale.webp 1116w\" sizes=\"(max-width: 1024px) 100vw, 1024px\" \/><\/figure>\n\n\n\n<figure class=\"wp-block-image size-large\"><img loading=\"lazy\" decoding=\"async\" width=\"1024\" height=\"1024\" data-id=\"7387\" src=\"https:\/\/main-gauche.com\/blog\/wp-content\/uploads\/2025\/11\/23-40995-moulin-garrigue-softshell_zoom-1024x1024.webp\" alt=\"Rendu de la s\u00e9rigraphie sur veste softshell\" class=\"wp-image-7387\" srcset=\"https:\/\/b.main-gauche.com\/wp-content\/uploads\/2025\/11\/23-40995-moulin-garrigue-softshell_zoom-1024x1024.webp 1024w, https:\/\/b.main-gauche.com\/wp-content\/uploads\/2025\/11\/23-40995-moulin-garrigue-softshell_zoom-300x300.webp 300w, https:\/\/b.main-gauche.com\/wp-content\/uploads\/2025\/11\/23-40995-moulin-garrigue-softshell_zoom-150x150.webp 150w, https:\/\/b.main-gauche.com\/wp-content\/uploads\/2025\/11\/23-40995-moulin-garrigue-softshell_zoom-768x768.webp 768w, https:\/\/b.main-gauche.com\/wp-content\/uploads\/2025\/11\/23-40995-moulin-garrigue-softshell_zoom-800x800.webp 800w, https:\/\/b.main-gauche.com\/wp-content\/uploads\/2025\/11\/23-40995-moulin-garrigue-softshell_zoom-100x100.webp 100w, https:\/\/b.main-gauche.com\/wp-content\/uploads\/2025\/11\/23-40995-moulin-garrigue-softshell_zoom-170x170.webp 170w, https:\/\/b.main-gauche.com\/wp-content\/uploads\/2025\/11\/23-40995-moulin-garrigue-softshell_zoom.webp 1116w\" sizes=\"(max-width: 1024px) 100vw, 1024px\" \/><\/figure>\n<\/figure>\n\n\n\n<p class=\"has-text-align-center\"><em>Exemple de la veste softshell R231M<\/em> <em>de Result<\/em><\/p>\n\n\n\n<p><\/p>\n\n\n\n<div class=\"wp-block-buttons is-content-justification-center is-layout-flex wp-container-core-buttons-is-layout-a89b3969 wp-block-buttons-is-layout-flex\">\n<div class=\"wp-block-button\"><a class=\"wp-block-button__link wp-element-button\" href=\"https:\/\/main-gauche.com\/produits\/result\/r231m-15\">Personnaliser cette veste softshell comme cadeau d&rsquo;\u00e9quipe<\/a><\/div>\n<\/div>\n\n\n\n<p><\/p>\n\n\n\n<p><strong>Pourquoi cette veste ?<\/strong><\/p>\n\n\n\n<ul class=\"wp-block-list\">\n<li>excellent <strong>rapport qualit\u00e9\/prix<\/strong><\/li>\n\n\n\n<li><strong>l\u00e9g\u00e8re et chaude <\/strong>\u00e0 la fois<\/li>\n\n\n\n<li>id\u00e9ale pour une <strong>broderie simple sur le c\u0153ur<\/strong><\/li>\n\n\n\n<li>polyvalente : sport, \u00e9v\u00e9nementiel, stands, staffs\u2026<\/li>\n<\/ul>\n\n\n\n<p><\/p>\n\n\n\n<h3 class=\"wp-block-heading\"><em>Le blouson bomber brod\u00e9 pour vos collaborateurs<\/em><\/h3>\n\n\n\n<p><\/p>\n\n\n\n<p>Pour les entreprises qui souhaitent marquer le coup \u00e0 No\u00ebl, le <a href=\"https:\/\/main-gauche.com\/personnaliser\/vestes\/bombers\">bomber esprit aviateur brod\u00e9<\/a> est un choix s\u00fbr, car particuli\u00e8rement valorisant.<br>Offrir un bomber brod\u00e9 \u00e0 ses collaborateurs ou clients VIP, c\u2019est proposer un <strong>cadeau utile et qualitatif<\/strong>, qu\u2019on aura plaisir \u00e0 porter bien apr\u00e8s les f\u00eates. C\u2019est aussi un excellent moyen d\u2019installer une coh\u00e9sion d\u2019\u00e9quipe, un sentiment d\u2019appartenance et une image de marque moderne, m\u00eame en hiver.<\/p>\n\n\n\n<p><\/p>\n\n\n\n<figure class=\"wp-block-gallery has-nested-images columns-default is-cropped wp-block-gallery-5 is-layout-flex wp-block-gallery-is-layout-flex\">\n<figure class=\"wp-block-image size-large\"><img loading=\"lazy\" decoding=\"async\" width=\"1024\" height=\"1024\" data-id=\"7390\" src=\"https:\/\/main-gauche.com\/blog\/wp-content\/uploads\/2025\/11\/23-40995-muchacha-bombers_inspiration2-1024x1024.webp\" alt=\"Bomber imprim\u00e9 personnalis\u00e9 dans le dos\" class=\"wp-image-7390\" srcset=\"https:\/\/b.main-gauche.com\/wp-content\/uploads\/2025\/11\/23-40995-muchacha-bombers_inspiration2-1024x1024.webp 1024w, https:\/\/b.main-gauche.com\/wp-content\/uploads\/2025\/11\/23-40995-muchacha-bombers_inspiration2-300x300.webp 300w, https:\/\/b.main-gauche.com\/wp-content\/uploads\/2025\/11\/23-40995-muchacha-bombers_inspiration2-150x150.webp 150w, https:\/\/b.main-gauche.com\/wp-content\/uploads\/2025\/11\/23-40995-muchacha-bombers_inspiration2-768x768.webp 768w, https:\/\/b.main-gauche.com\/wp-content\/uploads\/2025\/11\/23-40995-muchacha-bombers_inspiration2-800x800.webp 800w, https:\/\/b.main-gauche.com\/wp-content\/uploads\/2025\/11\/23-40995-muchacha-bombers_inspiration2-100x100.webp 100w, https:\/\/b.main-gauche.com\/wp-content\/uploads\/2025\/11\/23-40995-muchacha-bombers_inspiration2-170x170.webp 170w, https:\/\/b.main-gauche.com\/wp-content\/uploads\/2025\/11\/23-40995-muchacha-bombers_inspiration2.webp 1116w\" sizes=\"(max-width: 1024px) 100vw, 1024px\" \/><\/figure>\n\n\n\n<figure class=\"wp-block-image size-large\"><img loading=\"lazy\" decoding=\"async\" width=\"1024\" height=\"1024\" data-id=\"7392\" src=\"https:\/\/main-gauche.com\/blog\/wp-content\/uploads\/2025\/11\/23-40995-muchacha-bombers_principale-1024x1024.webp\" alt=\"Blouson bomber brod\u00e9 personnalis\u00e9 pour bar\" class=\"wp-image-7392\" srcset=\"https:\/\/b.main-gauche.com\/wp-content\/uploads\/2025\/11\/23-40995-muchacha-bombers_principale-1024x1024.webp 1024w, https:\/\/b.main-gauche.com\/wp-content\/uploads\/2025\/11\/23-40995-muchacha-bombers_principale-300x300.webp 300w, https:\/\/b.main-gauche.com\/wp-content\/uploads\/2025\/11\/23-40995-muchacha-bombers_principale-150x150.webp 150w, https:\/\/b.main-gauche.com\/wp-content\/uploads\/2025\/11\/23-40995-muchacha-bombers_principale-768x768.webp 768w, https:\/\/b.main-gauche.com\/wp-content\/uploads\/2025\/11\/23-40995-muchacha-bombers_principale-800x800.webp 800w, https:\/\/b.main-gauche.com\/wp-content\/uploads\/2025\/11\/23-40995-muchacha-bombers_principale-100x100.webp 100w, https:\/\/b.main-gauche.com\/wp-content\/uploads\/2025\/11\/23-40995-muchacha-bombers_principale-170x170.webp 170w, https:\/\/b.main-gauche.com\/wp-content\/uploads\/2025\/11\/23-40995-muchacha-bombers_principale.webp 1116w\" sizes=\"(max-width: 1024px) 100vw, 1024px\" \/><\/figure>\n\n\n\n<figure class=\"wp-block-image size-large\"><img loading=\"lazy\" decoding=\"async\" width=\"1024\" height=\"1024\" data-id=\"7391\" src=\"https:\/\/main-gauche.com\/blog\/wp-content\/uploads\/2025\/11\/23-40995-muchacha-bombers_zoom-1024x1024.webp\" alt=\"Broderie sur blouson aviateur\" class=\"wp-image-7391\" srcset=\"https:\/\/b.main-gauche.com\/wp-content\/uploads\/2025\/11\/23-40995-muchacha-bombers_zoom-1024x1024.webp 1024w, https:\/\/b.main-gauche.com\/wp-content\/uploads\/2025\/11\/23-40995-muchacha-bombers_zoom-300x300.webp 300w, https:\/\/b.main-gauche.com\/wp-content\/uploads\/2025\/11\/23-40995-muchacha-bombers_zoom-150x150.webp 150w, https:\/\/b.main-gauche.com\/wp-content\/uploads\/2025\/11\/23-40995-muchacha-bombers_zoom-768x768.webp 768w, https:\/\/b.main-gauche.com\/wp-content\/uploads\/2025\/11\/23-40995-muchacha-bombers_zoom-800x800.webp 800w, https:\/\/b.main-gauche.com\/wp-content\/uploads\/2025\/11\/23-40995-muchacha-bombers_zoom-100x100.webp 100w, https:\/\/b.main-gauche.com\/wp-content\/uploads\/2025\/11\/23-40995-muchacha-bombers_zoom-170x170.webp 170w, https:\/\/b.main-gauche.com\/wp-content\/uploads\/2025\/11\/23-40995-muchacha-bombers_zoom.webp 1116w\" sizes=\"(max-width: 1024px) 100vw, 1024px\" \/><\/figure>\n<\/figure>\n\n\n\n<p class=\"has-text-align-center\"><em>Exemple du blouson aviateur K6122 de Kariban<\/em><\/p>\n\n\n\n<p><\/p>\n\n\n\n<div class=\"wp-block-buttons is-content-justification-center is-layout-flex wp-container-core-buttons-is-layout-a89b3969 wp-block-buttons-is-layout-flex\">\n<div class=\"wp-block-button\"><a class=\"wp-block-button__link wp-element-button\" href=\"https:\/\/main-gauche.com\/produits\/kariban\/k6122\">Personnaliser ce blouson bomber pour mes collaborateurs<\/a><\/div>\n<\/div>\n\n\n\n<p><\/p>\n\n\n\n<p><strong>Pourquoi cette veste ?<\/strong><\/p>\n\n\n\n<ul class=\"wp-block-list\">\n<li>look premium, coupe moderne et mati\u00e8res durables<\/li>\n\n\n\n<li>broderie haut de gamme pour un rendu irr\u00e9prochable<\/li>\n\n\n\n<li>tient vraiment chaud<\/li>\n<\/ul>\n\n\n\n<p><\/p>\n\n\n\n<h2 class=\"wp-block-heading\" id=\"sacs-personnalises\">Offrez des sacs personnalis\u00e9s \u00e0 No\u00ebl<\/h2>\n\n\n\n<p><\/p>\n\n\n\n<h3 class=\"wp-block-heading\"><em>Le sac polochon personnalis\u00e9 pour les \u00e9quipes sportives ou les associations<\/em><\/h3>\n\n\n\n<p><\/p>\n\n\n\n<p>Pratique, polyvalent et r\u00e9solument tendance, le <a href=\"https:\/\/main-gauche.com\/personnaliser\/sacs-de-sport\">duffle bag brod\u00e9 ou imprim\u00e9<\/a> fait toujours son petit effet en fin d\u2019ann\u00e9e.<br>Compact mais spacieux, il accompagne les entra\u00eenements, les week-ends associatifs, les d\u00e9placements lors des comp\u00e9titions ou les \u00e9v\u00e9nements de fin d\u2019ann\u00e9e. Votre logo viendra sublimer le tout.<\/p>\n\n\n\n<p><\/p>\n\n\n\n<figure class=\"wp-block-gallery has-nested-images columns-default is-cropped wp-block-gallery-6 is-layout-flex wp-block-gallery-is-layout-flex\">\n<figure class=\"wp-block-image size-large\"><img loading=\"lazy\" decoding=\"async\" width=\"1024\" height=\"1024\" data-id=\"7397\" src=\"https:\/\/main-gauche.com\/blog\/wp-content\/uploads\/2025\/11\/24-12622_principale-1024x1024.webp\" alt=\"Duffle bag brod\u00e9 personnalis\u00e9 pour association \u00e9tudiante\" class=\"wp-image-7397\" srcset=\"https:\/\/b.main-gauche.com\/wp-content\/uploads\/2025\/11\/24-12622_principale-1024x1024.webp 1024w, https:\/\/b.main-gauche.com\/wp-content\/uploads\/2025\/11\/24-12622_principale-300x300.webp 300w, https:\/\/b.main-gauche.com\/wp-content\/uploads\/2025\/11\/24-12622_principale-150x150.webp 150w, https:\/\/b.main-gauche.com\/wp-content\/uploads\/2025\/11\/24-12622_principale-768x768.webp 768w, https:\/\/b.main-gauche.com\/wp-content\/uploads\/2025\/11\/24-12622_principale-800x800.webp 800w, https:\/\/b.main-gauche.com\/wp-content\/uploads\/2025\/11\/24-12622_principale-100x100.webp 100w, https:\/\/b.main-gauche.com\/wp-content\/uploads\/2025\/11\/24-12622_principale-170x170.webp 170w, https:\/\/b.main-gauche.com\/wp-content\/uploads\/2025\/11\/24-12622_principale.webp 1116w\" sizes=\"(max-width: 1024px) 100vw, 1024px\" \/><\/figure>\n\n\n\n<figure class=\"wp-block-image size-large\"><img loading=\"lazy\" decoding=\"async\" width=\"1024\" height=\"1024\" data-id=\"7396\" src=\"https:\/\/main-gauche.com\/blog\/wp-content\/uploads\/2025\/11\/24-12622_inspi1-1024x1024.webp\" alt=\"Sac de sport brod\u00e9 personnalis\u00e9 pour BDE\" class=\"wp-image-7396\" srcset=\"https:\/\/b.main-gauche.com\/wp-content\/uploads\/2025\/11\/24-12622_inspi1-1024x1024.webp 1024w, https:\/\/b.main-gauche.com\/wp-content\/uploads\/2025\/11\/24-12622_inspi1-300x300.webp 300w, https:\/\/b.main-gauche.com\/wp-content\/uploads\/2025\/11\/24-12622_inspi1-150x150.webp 150w, https:\/\/b.main-gauche.com\/wp-content\/uploads\/2025\/11\/24-12622_inspi1-768x768.webp 768w, https:\/\/b.main-gauche.com\/wp-content\/uploads\/2025\/11\/24-12622_inspi1-800x800.webp 800w, https:\/\/b.main-gauche.com\/wp-content\/uploads\/2025\/11\/24-12622_inspi1-100x100.webp 100w, https:\/\/b.main-gauche.com\/wp-content\/uploads\/2025\/11\/24-12622_inspi1-170x170.webp 170w, https:\/\/b.main-gauche.com\/wp-content\/uploads\/2025\/11\/24-12622_inspi1.webp 1116w\" sizes=\"(max-width: 1024px) 100vw, 1024px\" \/><\/figure>\n\n\n\n<figure class=\"wp-block-image size-large\"><img loading=\"lazy\" decoding=\"async\" width=\"1024\" height=\"1024\" data-id=\"7398\" src=\"https:\/\/main-gauche.com\/blog\/wp-content\/uploads\/2025\/11\/24-12622_zoom-1024x1024.webp\" alt=\"Broderie sur duffle bag personnalis\u00e9\" class=\"wp-image-7398\" srcset=\"https:\/\/b.main-gauche.com\/wp-content\/uploads\/2025\/11\/24-12622_zoom-1024x1024.webp 1024w, https:\/\/b.main-gauche.com\/wp-content\/uploads\/2025\/11\/24-12622_zoom-300x300.webp 300w, https:\/\/b.main-gauche.com\/wp-content\/uploads\/2025\/11\/24-12622_zoom-150x150.webp 150w, https:\/\/b.main-gauche.com\/wp-content\/uploads\/2025\/11\/24-12622_zoom-768x768.webp 768w, https:\/\/b.main-gauche.com\/wp-content\/uploads\/2025\/11\/24-12622_zoom-800x800.webp 800w, https:\/\/b.main-gauche.com\/wp-content\/uploads\/2025\/11\/24-12622_zoom-100x100.webp 100w, https:\/\/b.main-gauche.com\/wp-content\/uploads\/2025\/11\/24-12622_zoom-170x170.webp 170w, https:\/\/b.main-gauche.com\/wp-content\/uploads\/2025\/11\/24-12622_zoom.webp 1116w\" sizes=\"(max-width: 1024px) 100vw, 1024px\" \/><\/figure>\n<\/figure>\n\n\n\n<p class=\"has-text-align-center\"><em>Exemple du duffle bag W814 de Westford Mill<\/em><\/p>\n\n\n\n<p><\/p>\n\n\n\n<div class=\"wp-block-buttons is-content-justification-center is-layout-flex wp-container-core-buttons-is-layout-a89b3969 wp-block-buttons-is-layout-flex\">\n<div class=\"wp-block-button\"><a class=\"wp-block-button__link wp-element-button\" href=\"https:\/\/main-gauche.com\/produits\/westford-mill\/w814\">Personnaliser ce sac polochon pour votre association sportive<\/a><\/div>\n<\/div>\n\n\n\n<p><\/p>\n\n\n\n<p><strong>Pourquoi ce sac ?<\/strong><\/p>\n\n\n\n<ul class=\"wp-block-list\">\n<li>format parfait pour les entra\u00eenements, \u00e9v\u00e9nements et courts s\u00e9jours<\/li>\n\n\n\n<li>look moderne, appr\u00e9ci\u00e9 des jeunes comme des adultes<\/li>\n\n\n\n<li>grande surface de personnalisation<\/li>\n\n\n\n<li>un <strong>cadeau peu co\u00fbteux<\/strong> mais \u00e0 forte valeur per\u00e7ue<\/li>\n<\/ul>\n\n\n\n<p><\/p>\n\n\n\n<h3 class=\"wp-block-heading\"><em>Le sac \u00e0 dos \u00e0 rabat pour surprendre vos collaborateurs ou clients premium<\/em><\/h3>\n\n\n\n<p><\/p>\n\n\n\n<p>Pour un cadeau d\u2019entreprise plus \u00e9l\u00e9gant, plus structur\u00e9 et id\u00e9al pour des \u00e9quipes en t\u00e9l\u00e9travail, en mobilit\u00e9 ou pour des clients premium, le <a href=\"https:\/\/main-gauche.com\/personnaliser\/sacs-a-dos\">sac \u00e0 dos \u00e0 rabat brod\u00e9<\/a> est un choix qui marque.<br>Avec son design moderne et son style urbain chic, il s\u2019adapte aussi bien aux trajets quotidiens qu\u2019aux voyages professionnels. <\/p>\n\n\n\n<p>Offrir ce type de sac en fin d\u2019ann\u00e9e, c\u2019est proposer un cadeau vraiment utile, durable et valorisant, qui refl\u00e8te l\u2019image d\u2019une entreprise attentive et moderne. La personnalisation en broderie ou en patch tiss\u00e9 renforce son aspect premium.<\/p>\n\n\n\n<p><\/p>\n\n\n\n<figure class=\"wp-block-gallery has-nested-images columns-default is-cropped wp-block-gallery-7 is-layout-flex wp-block-gallery-is-layout-flex\">\n<figure class=\"wp-block-image size-large\"><img loading=\"lazy\" decoding=\"async\" width=\"1024\" height=\"1024\" data-id=\"7393\" src=\"https:\/\/main-gauche.com\/blog\/wp-content\/uploads\/2025\/11\/24-18738_principale-1024x1024.webp\" alt=\"Sac \u00e0 dos \u00e0 rabat personnalis\u00e9 en broderie\" class=\"wp-image-7393\" srcset=\"https:\/\/b.main-gauche.com\/wp-content\/uploads\/2025\/11\/24-18738_principale-1024x1024.webp 1024w, https:\/\/b.main-gauche.com\/wp-content\/uploads\/2025\/11\/24-18738_principale-300x300.webp 300w, https:\/\/b.main-gauche.com\/wp-content\/uploads\/2025\/11\/24-18738_principale-150x150.webp 150w, https:\/\/b.main-gauche.com\/wp-content\/uploads\/2025\/11\/24-18738_principale-768x768.webp 768w, https:\/\/b.main-gauche.com\/wp-content\/uploads\/2025\/11\/24-18738_principale-800x800.webp 800w, https:\/\/b.main-gauche.com\/wp-content\/uploads\/2025\/11\/24-18738_principale-100x100.webp 100w, https:\/\/b.main-gauche.com\/wp-content\/uploads\/2025\/11\/24-18738_principale-170x170.webp 170w, https:\/\/b.main-gauche.com\/wp-content\/uploads\/2025\/11\/24-18738_principale.webp 1116w\" sizes=\"(max-width: 1024px) 100vw, 1024px\" \/><\/figure>\n\n\n\n<figure class=\"wp-block-image size-large\"><img loading=\"lazy\" decoding=\"async\" width=\"1024\" height=\"1024\" data-id=\"7394\" src=\"https:\/\/main-gauche.com\/blog\/wp-content\/uploads\/2025\/11\/24-18738_inspi2-1024x1024.webp\" alt=\"Sacs \u00e0 dos brod\u00e9s personnalis\u00e9s\" class=\"wp-image-7394\" srcset=\"https:\/\/b.main-gauche.com\/wp-content\/uploads\/2025\/11\/24-18738_inspi2-1024x1024.webp 1024w, https:\/\/b.main-gauche.com\/wp-content\/uploads\/2025\/11\/24-18738_inspi2-300x300.webp 300w, https:\/\/b.main-gauche.com\/wp-content\/uploads\/2025\/11\/24-18738_inspi2-150x150.webp 150w, https:\/\/b.main-gauche.com\/wp-content\/uploads\/2025\/11\/24-18738_inspi2-768x768.webp 768w, https:\/\/b.main-gauche.com\/wp-content\/uploads\/2025\/11\/24-18738_inspi2-800x800.webp 800w, https:\/\/b.main-gauche.com\/wp-content\/uploads\/2025\/11\/24-18738_inspi2-100x100.webp 100w, https:\/\/b.main-gauche.com\/wp-content\/uploads\/2025\/11\/24-18738_inspi2-170x170.webp 170w, https:\/\/b.main-gauche.com\/wp-content\/uploads\/2025\/11\/24-18738_inspi2.webp 1116w\" sizes=\"(max-width: 1024px) 100vw, 1024px\" \/><\/figure>\n\n\n\n<figure class=\"wp-block-image size-large\"><img loading=\"lazy\" decoding=\"async\" width=\"1024\" height=\"1024\" data-id=\"7395\" src=\"https:\/\/main-gauche.com\/blog\/wp-content\/uploads\/2025\/11\/24-18738_zoom-1024x1024.webp\" alt=\"Broderie personnalis\u00e9e sur sac \u00e0 dos\" class=\"wp-image-7395\" srcset=\"https:\/\/b.main-gauche.com\/wp-content\/uploads\/2025\/11\/24-18738_zoom-1024x1024.webp 1024w, https:\/\/b.main-gauche.com\/wp-content\/uploads\/2025\/11\/24-18738_zoom-300x300.webp 300w, https:\/\/b.main-gauche.com\/wp-content\/uploads\/2025\/11\/24-18738_zoom-150x150.webp 150w, https:\/\/b.main-gauche.com\/wp-content\/uploads\/2025\/11\/24-18738_zoom-768x768.webp 768w, https:\/\/b.main-gauche.com\/wp-content\/uploads\/2025\/11\/24-18738_zoom-800x800.webp 800w, https:\/\/b.main-gauche.com\/wp-content\/uploads\/2025\/11\/24-18738_zoom-100x100.webp 100w, https:\/\/b.main-gauche.com\/wp-content\/uploads\/2025\/11\/24-18738_zoom-170x170.webp 170w, https:\/\/b.main-gauche.com\/wp-content\/uploads\/2025\/11\/24-18738_zoom.webp 1116w\" sizes=\"(max-width: 1024px) 100vw, 1024px\" \/><\/figure>\n<\/figure>\n\n\n\n<p class=\"has-text-align-center\"><em>Exemple du sac de sport \u00e0 rabat BG286 de BagBase<\/em><\/p>\n\n\n\n<p><\/p>\n\n\n\n<div class=\"wp-block-buttons is-content-justification-center is-layout-flex wp-container-core-buttons-is-layout-a89b3969 wp-block-buttons-is-layout-flex\">\n<div class=\"wp-block-button\"><a class=\"wp-block-button__link wp-element-button\" href=\"https:\/\/main-gauche.com\/produits\/bagbase\/bg286\">Personnaliser ce sac polochon pour votre association sportive<\/a><\/div>\n<\/div>\n\n\n\n<p><\/p>\n\n\n\n<p><strong>Pourquoi ce sac ?<\/strong><\/p>\n\n\n\n<ul class=\"wp-block-list\">\n<li>aspect \u00e9l\u00e9gant et premium, parfait pour un cadeau corporate<\/li>\n\n\n\n<li>id\u00e9al en broderie pour une finition haut de gamme<\/li>\n\n\n\n<li>format adapt\u00e9 aux ordinateurs, carnets, accessoires pro<\/li>\n<\/ul>\n\n\n\n<p><\/p>\n\n\n\n<hr class=\"wp-block-separator has-alpha-channel-opacity\"\/>\n\n\n\n<p><\/p>\n\n\n\n<p>Vous souhaitez vous procurer des <strong>v\u00eatements pour faire un cadeau \u00e0 vos collaborateurs ou membres<\/strong> ? N\u2019h\u00e9sitez pas \u00e0 nous contacter pour obtenir un devis et d\u00e9couvrir nos offres adapt\u00e9es \u00e0 vos besoins.<\/p>\n\n\n\n<p><\/p>\n\n\n\n\n\n\n\n<p><\/p>\n\n\n\n<p><\/p>\n","protected":false},"excerpt":{"rendered":"<p>Comme chaque ann\u00e9e, les entreprises se posent la m\u00eame question : comment remercier mes collaborateurs et\/ou fid\u00e9liser mes clients ?<\/p>\n","protected":false},"author":18,"featured_media":7403,"comment_status":"closed","ping_status":"closed","sticky":false,"template":"","format":"standard","meta":{"_yoast_wpseo_metadesc":"Comme chaque ann\u00e9e, les entreprises se posent la m\u00eame question : comment remercier mes collaborateurs et\/ou fid\u00e9liser mes clients ?","_monsterinsights_skip_tracking":false,"_monsterinsights_sitenote_active":false,"_monsterinsights_sitenote_note":"","_monsterinsights_sitenote_category":0,"site-sidebar-layout":"default","site-content-layout":"","ast-site-content-layout":"default","site-content-style":"default","site-sidebar-style":"default","ast-global-header-display":"","ast-banner-title-visibility":"","ast-main-header-display":"","ast-hfb-above-header-display":"","ast-hfb-below-header-display":"","ast-hfb-mobile-header-display":"","site-post-title":"","ast-breadcrumbs-content":"","ast-featured-img":"disabled","footer-sml-layout":"","ast-disable-related-posts":"","theme-transparent-header-meta":"","adv-header-id-meta":"","stick-header-meta":"","header-above-stick-meta":"","header-main-stick-meta":"","header-below-stick-meta":"","astra-migrate-meta-layouts":"set","ast-page-background-enabled":"default","ast-page-background-meta":{"desktop":{"background-color":"","background-image":"","background-repeat":"repeat","background-position":"center center","background-size":"auto","background-attachment":"scroll","background-type":"","background-media":"","overlay-type":"","overlay-color":"","overlay-opacity":"","overlay-gradient":""},"tablet":{"background-color":"","background-image":"","background-repeat":"repeat","background-position":"center center","background-size":"auto","background-attachment":"scroll","background-type":"","background-media":"","overlay-type":"","overlay-color":"","overlay-opacity":"","overlay-gradient":""},"mobile":{"background-color":"","background-image":"","background-repeat":"repeat","background-position":"center center","background-size":"auto","background-attachment":"scroll","background-type":"","background-media":"","overlay-type":"","overlay-color":"","overlay-opacity":"","overlay-gradient":""}},"ast-content-background-meta":{"desktop":{"background-color":"var(--ast-global-color-5)","background-image":"","background-repeat":"repeat","background-position":"center center","background-size":"auto","background-attachment":"scroll","background-type":"","background-media":"","overlay-type":"","overlay-color":"","overlay-opacity":"","overlay-gradient":""},"tablet":{"background-color":"var(--ast-global-color-5)","background-image":"","background-repeat":"repeat","background-position":"center center","background-size":"auto","background-attachment":"scroll","background-type":"","background-media":"","overlay-type":"","overlay-color":"","overlay-opacity":"","overlay-gradient":""},"mobile":{"background-color":"var(--ast-global-color-5)","background-image":"","background-repeat":"repeat","background-position":"center center","background-size":"auto","background-attachment":"scroll","background-type":"","background-media":"","overlay-type":"","overlay-color":"","overlay-opacity":"","overlay-gradient":""}},"footnotes":""},"categories":[81],"tags":[86],"class_list":["post-7367","post","type-post","status-publish","format-standard","has-post-thumbnail","hentry","category-actualites","tag-entreprises"],"yoast_head":"<!-- This site is optimized with the Yoast SEO plugin v27.5 - https:\/\/yoast.com\/product\/yoast-seo-wordpress\/ -->\n<title>Nos id\u00e9es cadeaux d&#039;entreprise pour les f\u00eates de fin d&#039;ann\u00e9e 2025<\/title>\n<meta name=\"description\" content=\"Comme chaque ann\u00e9e, les entreprises se posent la m\u00eame question : comment remercier mes collaborateurs et\/ou fid\u00e9liser mes clients ?\" \/>\n<meta name=\"robots\" content=\"index, follow, max-snippet:-1, max-image-preview:large, max-video-preview:-1\" \/>\n<link rel=\"canonical\" href=\"https:\/\/b.main-gauche.com\/idees-cadeaux-entreprise-noel\/\" \/>\n<meta property=\"og:locale\" content=\"fr_FR\" \/>\n<meta property=\"og:type\" content=\"article\" \/>\n<meta property=\"og:title\" content=\"Nos id\u00e9es cadeaux d&#039;entreprise pour les f\u00eates de fin d&#039;ann\u00e9e 2025\" \/>\n<meta property=\"og:description\" content=\"Comme chaque ann\u00e9e, les entreprises se posent la m\u00eame question : comment remercier mes collaborateurs et\/ou fid\u00e9liser mes clients ?\" \/>\n<meta property=\"og:url\" content=\"https:\/\/b.main-gauche.com\/idees-cadeaux-entreprise-noel\/\" \/>\n<meta property=\"og:site_name\" content=\"MAINGAUCHE - Le blog\" \/>\n<meta property=\"article:publisher\" content=\"https:\/\/www.facebook.com\/main.gauche.imprimeur\/?locale=fr_FR\" \/>\n<meta property=\"article:published_time\" content=\"2025-12-16T10:29:34+00:00\" \/>\n<meta property=\"article:modified_time\" content=\"2026-03-12T08:51:09+00:00\" \/>\n<meta property=\"og:image\" content=\"https:\/\/b.main-gauche.com\/wp-content\/uploads\/2025\/11\/sweat-personnalisable-noel-cadeau.webp\" \/>\n\t<meta property=\"og:image:width\" content=\"1024\" \/>\n\t<meta property=\"og:image:height\" content=\"576\" \/>\n\t<meta property=\"og:image:type\" content=\"image\/webp\" \/>\n<meta name=\"author\" content=\"Ana\u00efs\" \/>\n<meta name=\"twitter:card\" content=\"summary_large_image\" \/>\n<meta name=\"twitter:label1\" content=\"\u00c9crit par\" \/>\n\t<meta name=\"twitter:data1\" content=\"Ana\u00efs\" \/>\n\t<meta name=\"twitter:label2\" content=\"Dur\u00e9e de lecture estim\u00e9e\" \/>\n\t<meta name=\"twitter:data2\" content=\"10 minutes\" \/>\n<script type=\"application\/ld+json\" class=\"yoast-schema-graph\">{\"@context\":\"https:\\\/\\\/schema.org\",\"@graph\":[{\"@type\":[\"Article\",\"BlogPosting\"],\"@id\":\"https:\\\/\\\/b.main-gauche.com\\\/idees-cadeaux-entreprise-noel\\\/#article\",\"isPartOf\":{\"@id\":\"https:\\\/\\\/b.main-gauche.com\\\/idees-cadeaux-entreprise-noel\\\/\"},\"author\":{\"name\":\"Ana\u00efs\",\"@id\":\"https:\\\/\\\/b.main-gauche.com\\\/#\\\/schema\\\/person\\\/c5308077be46ed0e56bc195c9bc66d14\"},\"headline\":\"Nos id\u00e9es cadeaux d&rsquo;entreprise pour les f\u00eates de fin d&rsquo;ann\u00e9e 2025\",\"datePublished\":\"2025-12-16T10:29:34+00:00\",\"dateModified\":\"2026-03-12T08:51:09+00:00\",\"mainEntityOfPage\":{\"@id\":\"https:\\\/\\\/b.main-gauche.com\\\/idees-cadeaux-entreprise-noel\\\/\"},\"wordCount\":1170,\"publisher\":{\"@id\":\"https:\\\/\\\/b.main-gauche.com\\\/#organization\"},\"image\":{\"@id\":\"https:\\\/\\\/b.main-gauche.com\\\/idees-cadeaux-entreprise-noel\\\/#primaryimage\"},\"thumbnailUrl\":\"https:\\\/\\\/b.main-gauche.com\\\/wp-content\\\/uploads\\\/2025\\\/11\\\/sweat-personnalisable-noel-cadeau.webp\",\"keywords\":[\"Entreprises\"],\"articleSection\":[\"Actualit\u00e9s\"],\"inLanguage\":\"fr-FR\"},{\"@type\":\"WebPage\",\"@id\":\"https:\\\/\\\/b.main-gauche.com\\\/idees-cadeaux-entreprise-noel\\\/\",\"url\":\"https:\\\/\\\/b.main-gauche.com\\\/idees-cadeaux-entreprise-noel\\\/\",\"name\":\"Nos id\u00e9es cadeaux d'entreprise pour les f\u00eates de fin d'ann\u00e9e 2025\",\"isPartOf\":{\"@id\":\"https:\\\/\\\/b.main-gauche.com\\\/#website\"},\"primaryImageOfPage\":{\"@id\":\"https:\\\/\\\/b.main-gauche.com\\\/idees-cadeaux-entreprise-noel\\\/#primaryimage\"},\"image\":{\"@id\":\"https:\\\/\\\/b.main-gauche.com\\\/idees-cadeaux-entreprise-noel\\\/#primaryimage\"},\"thumbnailUrl\":\"https:\\\/\\\/b.main-gauche.com\\\/wp-content\\\/uploads\\\/2025\\\/11\\\/sweat-personnalisable-noel-cadeau.webp\",\"datePublished\":\"2025-12-16T10:29:34+00:00\",\"dateModified\":\"2026-03-12T08:51:09+00:00\",\"description\":\"Comme chaque ann\u00e9e, les entreprises se posent la m\u00eame question : comment remercier mes collaborateurs et\\\/ou fid\u00e9liser mes clients ?\",\"breadcrumb\":{\"@id\":\"https:\\\/\\\/b.main-gauche.com\\\/idees-cadeaux-entreprise-noel\\\/#breadcrumb\"},\"inLanguage\":\"fr-FR\",\"potentialAction\":[{\"@type\":\"ReadAction\",\"target\":[\"https:\\\/\\\/b.main-gauche.com\\\/idees-cadeaux-entreprise-noel\\\/\"]}]},{\"@type\":\"ImageObject\",\"inLanguage\":\"fr-FR\",\"@id\":\"https:\\\/\\\/b.main-gauche.com\\\/idees-cadeaux-entreprise-noel\\\/#primaryimage\",\"url\":\"https:\\\/\\\/b.main-gauche.com\\\/wp-content\\\/uploads\\\/2025\\\/11\\\/sweat-personnalisable-noel-cadeau.webp\",\"contentUrl\":\"https:\\\/\\\/b.main-gauche.com\\\/wp-content\\\/uploads\\\/2025\\\/11\\\/sweat-personnalisable-noel-cadeau.webp\",\"width\":1024,\"height\":576,\"caption\":\"Sweat personnalis\u00e9 comme cadeau d'entreprise\"},{\"@type\":\"BreadcrumbList\",\"@id\":\"https:\\\/\\\/b.main-gauche.com\\\/idees-cadeaux-entreprise-noel\\\/#breadcrumb\",\"itemListElement\":[{\"@type\":\"ListItem\",\"position\":1,\"name\":\"Accueil\",\"item\":\"https:\\\/\\\/b.main-gauche.com\\\/\"},{\"@type\":\"ListItem\",\"position\":2,\"name\":\"Nos id\u00e9es cadeaux d&rsquo;entreprise pour les f\u00eates de fin d&rsquo;ann\u00e9e 2025\"}]},{\"@type\":\"WebSite\",\"@id\":\"https:\\\/\\\/b.main-gauche.com\\\/#website\",\"url\":\"https:\\\/\\\/b.main-gauche.com\\\/\",\"name\":\"MAINGAUCHE - Le blog\",\"description\":\"\",\"publisher\":{\"@id\":\"https:\\\/\\\/b.main-gauche.com\\\/#organization\"},\"potentialAction\":[{\"@type\":\"SearchAction\",\"target\":{\"@type\":\"EntryPoint\",\"urlTemplate\":\"https:\\\/\\\/b.main-gauche.com\\\/?s={search_term_string}\"},\"query-input\":{\"@type\":\"PropertyValueSpecification\",\"valueRequired\":true,\"valueName\":\"search_term_string\"}}],\"inLanguage\":\"fr-FR\"},{\"@type\":\"Organization\",\"@id\":\"https:\\\/\\\/b.main-gauche.com\\\/#organization\",\"name\":\"MAINGAUCHE\",\"url\":\"https:\\\/\\\/b.main-gauche.com\\\/\",\"logo\":{\"@type\":\"ImageObject\",\"inLanguage\":\"fr-FR\",\"@id\":\"https:\\\/\\\/b.main-gauche.com\\\/#\\\/schema\\\/logo\\\/image\\\/\",\"url\":\"https:\\\/\\\/b.main-gauche.com\\\/wp-content\\\/uploads\\\/2025\\\/12\\\/logo-website-maingauche.svg\",\"contentUrl\":\"https:\\\/\\\/b.main-gauche.com\\\/wp-content\\\/uploads\\\/2025\\\/12\\\/logo-website-maingauche.svg\",\"width\":180,\"height\":60,\"caption\":\"MAINGAUCHE\"},\"image\":{\"@id\":\"https:\\\/\\\/b.main-gauche.com\\\/#\\\/schema\\\/logo\\\/image\\\/\"},\"sameAs\":[\"https:\\\/\\\/www.facebook.com\\\/main.gauche.imprimeur\\\/?locale=fr_FR\",\"https:\\\/\\\/www.instagram.com\\\/main_gauche_imprimeur\\\/\"]},{\"@type\":\"Person\",\"@id\":\"https:\\\/\\\/b.main-gauche.com\\\/#\\\/schema\\\/person\\\/c5308077be46ed0e56bc195c9bc66d14\",\"name\":\"Ana\u00efs\",\"image\":{\"@type\":\"ImageObject\",\"inLanguage\":\"fr-FR\",\"@id\":\"https:\\\/\\\/secure.gravatar.com\\\/avatar\\\/40a2b1c0a711fb858aaf07d29a3ba696f6b33f500bac8ced2619bbc01e1ec1d0?s=96&d=mm&r=g\",\"url\":\"https:\\\/\\\/secure.gravatar.com\\\/avatar\\\/40a2b1c0a711fb858aaf07d29a3ba696f6b33f500bac8ced2619bbc01e1ec1d0?s=96&d=mm&r=g\",\"contentUrl\":\"https:\\\/\\\/secure.gravatar.com\\\/avatar\\\/40a2b1c0a711fb858aaf07d29a3ba696f6b33f500bac8ced2619bbc01e1ec1d0?s=96&d=mm&r=g\",\"caption\":\"Ana\u00efs\"},\"description\":\"Je suis Ana\u00efs, cr\u00e9atrice de contenus chez MAINGAUCHE. Je mets \u00e0 profit mon expertise pour inspirer et faciliter la r\u00e9alisation de vos ambitions textiles. \u00c0 travers mes articles, je m'efforce de valoriser les meilleures pratiques du secteur, en offrant des conseils pratiques et des perspectives innovantes pour transformer vos id\u00e9es en projets r\u00e9ussis.\",\"url\":\"https:\\\/\\\/b.main-gauche.com\\\/author\\\/anais-vicente\\\/\"}]}<\/script>\n<!-- \/ Yoast SEO plugin. -->","yoast_head_json":{"title":"Nos id\u00e9es cadeaux d'entreprise pour les f\u00eates de fin d'ann\u00e9e 2025","description":"Comme chaque ann\u00e9e, les entreprises se posent la m\u00eame question : comment remercier mes collaborateurs et\/ou fid\u00e9liser mes clients ?","robots":{"index":"index","follow":"follow","max-snippet":"max-snippet:-1","max-image-preview":"max-image-preview:large","max-video-preview":"max-video-preview:-1"},"canonical":"https:\/\/b.main-gauche.com\/idees-cadeaux-entreprise-noel\/","og_locale":"fr_FR","og_type":"article","og_title":"Nos id\u00e9es cadeaux d'entreprise pour les f\u00eates de fin d'ann\u00e9e 2025","og_description":"Comme chaque ann\u00e9e, les entreprises se posent la m\u00eame question : comment remercier mes collaborateurs et\/ou fid\u00e9liser mes clients ?","og_url":"https:\/\/b.main-gauche.com\/idees-cadeaux-entreprise-noel\/","og_site_name":"MAINGAUCHE - Le blog","article_publisher":"https:\/\/www.facebook.com\/main.gauche.imprimeur\/?locale=fr_FR","article_published_time":"2025-12-16T10:29:34+00:00","article_modified_time":"2026-03-12T08:51:09+00:00","og_image":[{"width":1024,"height":576,"url":"https:\/\/b.main-gauche.com\/wp-content\/uploads\/2025\/11\/sweat-personnalisable-noel-cadeau.webp","type":"image\/webp"}],"author":"Ana\u00efs","twitter_card":"summary_large_image","twitter_misc":{"\u00c9crit par":"Ana\u00efs","Dur\u00e9e de lecture estim\u00e9e":"10 minutes"},"schema":{"@context":"https:\/\/schema.org","@graph":[{"@type":["Article","BlogPosting"],"@id":"https:\/\/b.main-gauche.com\/idees-cadeaux-entreprise-noel\/#article","isPartOf":{"@id":"https:\/\/b.main-gauche.com\/idees-cadeaux-entreprise-noel\/"},"author":{"name":"Ana\u00efs","@id":"https:\/\/b.main-gauche.com\/#\/schema\/person\/c5308077be46ed0e56bc195c9bc66d14"},"headline":"Nos id\u00e9es cadeaux d&rsquo;entreprise pour les f\u00eates de fin d&rsquo;ann\u00e9e 2025","datePublished":"2025-12-16T10:29:34+00:00","dateModified":"2026-03-12T08:51:09+00:00","mainEntityOfPage":{"@id":"https:\/\/b.main-gauche.com\/idees-cadeaux-entreprise-noel\/"},"wordCount":1170,"publisher":{"@id":"https:\/\/b.main-gauche.com\/#organization"},"image":{"@id":"https:\/\/b.main-gauche.com\/idees-cadeaux-entreprise-noel\/#primaryimage"},"thumbnailUrl":"https:\/\/b.main-gauche.com\/wp-content\/uploads\/2025\/11\/sweat-personnalisable-noel-cadeau.webp","keywords":["Entreprises"],"articleSection":["Actualit\u00e9s"],"inLanguage":"fr-FR"},{"@type":"WebPage","@id":"https:\/\/b.main-gauche.com\/idees-cadeaux-entreprise-noel\/","url":"https:\/\/b.main-gauche.com\/idees-cadeaux-entreprise-noel\/","name":"Nos id\u00e9es cadeaux d'entreprise pour les f\u00eates de fin d'ann\u00e9e 2025","isPartOf":{"@id":"https:\/\/b.main-gauche.com\/#website"},"primaryImageOfPage":{"@id":"https:\/\/b.main-gauche.com\/idees-cadeaux-entreprise-noel\/#primaryimage"},"image":{"@id":"https:\/\/b.main-gauche.com\/idees-cadeaux-entreprise-noel\/#primaryimage"},"thumbnailUrl":"https:\/\/b.main-gauche.com\/wp-content\/uploads\/2025\/11\/sweat-personnalisable-noel-cadeau.webp","datePublished":"2025-12-16T10:29:34+00:00","dateModified":"2026-03-12T08:51:09+00:00","description":"Comme chaque ann\u00e9e, les entreprises se posent la m\u00eame question : comment remercier mes collaborateurs et\/ou fid\u00e9liser mes clients ?","breadcrumb":{"@id":"https:\/\/b.main-gauche.com\/idees-cadeaux-entreprise-noel\/#breadcrumb"},"inLanguage":"fr-FR","potentialAction":[{"@type":"ReadAction","target":["https:\/\/b.main-gauche.com\/idees-cadeaux-entreprise-noel\/"]}]},{"@type":"ImageObject","inLanguage":"fr-FR","@id":"https:\/\/b.main-gauche.com\/idees-cadeaux-entreprise-noel\/#primaryimage","url":"https:\/\/b.main-gauche.com\/wp-content\/uploads\/2025\/11\/sweat-personnalisable-noel-cadeau.webp","contentUrl":"https:\/\/b.main-gauche.com\/wp-content\/uploads\/2025\/11\/sweat-personnalisable-noel-cadeau.webp","width":1024,"height":576,"caption":"Sweat personnalis\u00e9 comme cadeau d'entreprise"},{"@type":"BreadcrumbList","@id":"https:\/\/b.main-gauche.com\/idees-cadeaux-entreprise-noel\/#breadcrumb","itemListElement":[{"@type":"ListItem","position":1,"name":"Accueil","item":"https:\/\/b.main-gauche.com\/"},{"@type":"ListItem","position":2,"name":"Nos id\u00e9es cadeaux d&rsquo;entreprise pour les f\u00eates de fin d&rsquo;ann\u00e9e 2025"}]},{"@type":"WebSite","@id":"https:\/\/b.main-gauche.com\/#website","url":"https:\/\/b.main-gauche.com\/","name":"MAINGAUCHE - Le blog","description":"","publisher":{"@id":"https:\/\/b.main-gauche.com\/#organization"},"potentialAction":[{"@type":"SearchAction","target":{"@type":"EntryPoint","urlTemplate":"https:\/\/b.main-gauche.com\/?s={search_term_string}"},"query-input":{"@type":"PropertyValueSpecification","valueRequired":true,"valueName":"search_term_string"}}],"inLanguage":"fr-FR"},{"@type":"Organization","@id":"https:\/\/b.main-gauche.com\/#organization","name":"MAINGAUCHE","url":"https:\/\/b.main-gauche.com\/","logo":{"@type":"ImageObject","inLanguage":"fr-FR","@id":"https:\/\/b.main-gauche.com\/#\/schema\/logo\/image\/","url":"https:\/\/b.main-gauche.com\/wp-content\/uploads\/2025\/12\/logo-website-maingauche.svg","contentUrl":"https:\/\/b.main-gauche.com\/wp-content\/uploads\/2025\/12\/logo-website-maingauche.svg","width":180,"height":60,"caption":"MAINGAUCHE"},"image":{"@id":"https:\/\/b.main-gauche.com\/#\/schema\/logo\/image\/"},"sameAs":["https:\/\/www.facebook.com\/main.gauche.imprimeur\/?locale=fr_FR","https:\/\/www.instagram.com\/main_gauche_imprimeur\/"]},{"@type":"Person","@id":"https:\/\/b.main-gauche.com\/#\/schema\/person\/c5308077be46ed0e56bc195c9bc66d14","name":"Ana\u00efs","image":{"@type":"ImageObject","inLanguage":"fr-FR","@id":"https:\/\/secure.gravatar.com\/avatar\/40a2b1c0a711fb858aaf07d29a3ba696f6b33f500bac8ced2619bbc01e1ec1d0?s=96&d=mm&r=g","url":"https:\/\/secure.gravatar.com\/avatar\/40a2b1c0a711fb858aaf07d29a3ba696f6b33f500bac8ced2619bbc01e1ec1d0?s=96&d=mm&r=g","contentUrl":"https:\/\/secure.gravatar.com\/avatar\/40a2b1c0a711fb858aaf07d29a3ba696f6b33f500bac8ced2619bbc01e1ec1d0?s=96&d=mm&r=g","caption":"Ana\u00efs"},"description":"Je suis Ana\u00efs, cr\u00e9atrice de contenus chez MAINGAUCHE. Je mets \u00e0 profit mon expertise pour inspirer et faciliter la r\u00e9alisation de vos ambitions textiles. \u00c0 travers mes articles, je m'efforce de valoriser les meilleures pratiques du secteur, en offrant des conseils pratiques et des perspectives innovantes pour transformer vos id\u00e9es en projets r\u00e9ussis.","url":"https:\/\/b.main-gauche.com\/author\/anais-vicente\/"}]}},"_links":{"self":[{"href":"https:\/\/b.main-gauche.com\/wp-json\/wp\/v2\/posts\/7367","targetHints":{"allow":["GET"]}}],"collection":[{"href":"https:\/\/b.main-gauche.com\/wp-json\/wp\/v2\/posts"}],"about":[{"href":"https:\/\/b.main-gauche.com\/wp-json\/wp\/v2\/types\/post"}],"author":[{"embeddable":true,"href":"https:\/\/b.main-gauche.com\/wp-json\/wp\/v2\/users\/18"}],"replies":[{"embeddable":true,"href":"https:\/\/b.main-gauche.com\/wp-json\/wp\/v2\/comments?post=7367"}],"version-history":[{"count":3,"href":"https:\/\/b.main-gauche.com\/wp-json\/wp\/v2\/posts\/7367\/revisions"}],"predecessor-version":[{"id":7548,"href":"https:\/\/b.main-gauche.com\/wp-json\/wp\/v2\/posts\/7367\/revisions\/7548"}],"wp:featuredmedia":[{"embeddable":true,"href":"https:\/\/b.main-gauche.com\/wp-json\/wp\/v2\/media\/7403"}],"wp:attachment":[{"href":"https:\/\/b.main-gauche.com\/wp-json\/wp\/v2\/media?parent=7367"}],"wp:term":[{"taxonomy":"category","embeddable":true,"href":"https:\/\/b.main-gauche.com\/wp-json\/wp\/v2\/categories?post=7367"},{"taxonomy":"post_tag","embeddable":true,"href":"https:\/\/b.main-gauche.com\/wp-json\/wp\/v2\/tags?post=7367"}],"curies":[{"name":"wp","href":"https:\/\/api.w.org\/{rel}","templated":true}]}}