{"id":2699,"date":"2025-11-21T16:30:26","date_gmt":"2025-11-21T15:30:26","guid":{"rendered":"https:\/\/blog.main-gauche.com\/5-astuces-pour-prserver-vos-vtements-personnaliss"},"modified":"2026-03-24T09:54:48","modified_gmt":"2026-03-24T08:54:48","slug":"cinq-astuces-preserver-vetements-personnalises","status":"publish","type":"post","link":"https:\/\/b.main-gauche.com\/cinq-astuces-preserver-vetements-personnalises\/","title":{"rendered":"Comment entretenir et laver ses v\u00eatements personnalis\u00e9s ?"},"content":{"rendered":"\n<p>Si vous \u00eates arriv\u00e9s jusqu\u2019ici, c&rsquo;est parce que vous vous \u00eates surement demand\u00e9 comment prendre soin de vos <strong>textiles et accessoires personnalis\u00e9s<\/strong> et pr\u00e9server au mieux leurs marquages. Que ce soit pour un tee-shirt floqu\u00e9, un <a href=\"https:\/\/main-gauche.com\/personnaliser\/sweats\">hoodie brod\u00e9 personnalis\u00e9<\/a>, un polo ou tout autre <strong>v\u00eatement personnalis\u00e9<\/strong>, les r\u00e8gles principales restent les m\u00eames et n\u00e9cessitent de suivre quelques <strong>bonnes pratiques<\/strong> !<\/p>\n\n\n\n<p><\/p>\n\n\n\n<p>Vous avez pass\u00e9 du temps \u00e0 r\u00e9fl\u00e9chir au logo, au type de marquage, et au textile \u00e0 personnaliser, et maintenant vous vous demandez comment les entretenir et les pr\u00e9server pour qu&rsquo;ils conservent tout leur \u00e9clat et leur beaut\u00e9. Ne vous inqui\u00e9tez pas, MAINGAUCHE est l\u00e0 pour vous guider \u00e0 travers les \u00e9tapes essentielles de l&rsquo;entretien de vos pi\u00e8ces personnalis\u00e9es afin de <strong>garantir leur durabilit\u00e9 et leur qualit\u00e9<\/strong>.<\/p>\n\n\n\n<p><\/p>\n\n\n\n<p>La qualit\u00e9 du tissu est essentielle pour obtenir des marquages durables. C&rsquo;est pourquoi nous attachons une grande importance \u00e0 la <strong>s\u00e9lection de textiles de qualit\u00e9 sup\u00e9rieure<\/strong> sur notre site, ainsi qu&rsquo;\u00e0 la pr\u00e9cision de nos <strong>techniques de marquage<\/strong>. Dans cet article, on vous dit tout pour pr\u00e9server vos marquages et assurer leur long\u00e9vit\u00e9 au maximum !<\/p>\n\n\n\n<p><strong>Sommaire :<\/strong><\/p>\n\n\n\n<ul class=\"wp-block-list\">\n<li><a href=\"#lavage\">Lavez \u00e0 40\u00b0C maximum<\/a><\/li>\n<\/ul>\n\n\n\n<ul class=\"wp-block-list\">\n<li><a href=\"#envers\">Lavez toujours \u00e0 l&rsquo;envers<\/a><\/li>\n<\/ul>\n\n\n\n<ul class=\"wp-block-list\">\n<li><a href=\"#seche-linge\">Ne mettez pas vos v\u00eatements imprim\u00e9s dans le s\u00e8che-linge<\/a><\/li>\n<\/ul>\n\n\n\n<ul class=\"wp-block-list\">\n<li><a href=\"#lessive\">Choisissez une bonne lessive<\/a><\/li>\n<\/ul>\n\n\n\n<ul class=\"wp-block-list\">\n<li><a href=\"#repassage\">\u00c9vitez de repasser directement sur le marquage<\/a><\/li>\n<\/ul>\n\n\n\n<p><\/p>\n\n\n\n<h2 class=\"wp-block-heading\" id=\"lavage\">Lavez \u00e0 40\u00b0C maximum&nbsp;<\/h2>\n\n\n\n<p><\/p>\n\n\n\n<p>Lavez \u00e0 30\u00b0C, mais surtout <strong>jamais \u00e0 plus de 40\u00b0C<\/strong> ! En d\u00e9passant cette temp\u00e9rature, vous risquez de faire r\u00e9tr\u00e9cir le v\u00eatement ou d\u2019ab\u00eemer son joli marquage.<\/p>\n\n\n\n<p>Lorsqu&rsquo;il s&rsquo;agit de laver vos v\u00eatements personnalis\u00e9s, la temp\u00e9rature de lavage est un facteur tr\u00e8s important \u00e0 prendre en compte. Pour pr\u00e9server leur qualit\u00e9 et \u00e9viter tout dommage, nous vous recommandons vivement de les laver \u00e0 une temp\u00e9rature maximale de 30\u00b0C ! En fait, c&rsquo;est la temp\u00e9rature id\u00e9ale pour un nettoyage efficace tout en pr\u00e9servant le motif personnalis\u00e9.<\/p>\n\n\n\n<p>En lavant vos textiles personnalisables, le tissu et l\u2019impression risquent de r\u00e9tr\u00e9cir si la <strong>temp\u00e9rature de l\u2019eau est trop \u00e9lev\u00e9e<\/strong>.&nbsp;<\/p>\n\n\n\n<p>En choisissant un programme \u00e0 30\u00b0C ou en lavant \u00e0 la main, vous \u00eates s\u00fbrs de pr\u00e9server la taille et la forme d\u2019origine du logo imprim\u00e9 ou brod\u00e9. En plus, cette temp\u00e9rature est \u00e9galement plus respectueuse de l&rsquo;environnement, car elle consomme moins d&rsquo;\u00e9nergie. 2 en 1 !<\/p>\n\n\n\n<p><\/p>\n\n\n\n<h2 class=\"wp-block-heading\" id=\"envers\">Lavez toujours \u00e0 l\u2019envers<\/h2>\n\n\n\n<p><\/p>\n\n\n\n<p>Notre deuxi\u00e8me conseil est de <strong>laver vos pi\u00e8ces personnalis\u00e9es \u00e0 l\u2019envers<\/strong>. Vous prot\u00e9gerez ainsi votre marquage des \u00e9ventuels frottements ou des fermetures \u00e9clairs des autres v\u00eatements.<\/p>\n\n\n\n<p>La prochaine fois que vous vous appr\u00eatez \u00e0 laver vos <strong>v\u00eatements personnalis\u00e9s<\/strong>, pensez \u00e0 cette petite astuce simple et efficace. En les retournant avant de les placer dans la machine, vous prenez une mesure simple mais efficace pour pr\u00e9server la beaut\u00e9 de vos marquages. Une astuce facile \u00e0 appliquer qui vous permet de prot\u00e9ger et de les garder plus longtemps !<\/p>\n\n\n\n<p><\/p>\n\n\n\n<h2 class=\"wp-block-heading\" id=\"seche-linge\">Ne mettez pas vos v\u00eatements imprim\u00e9s dans le s\u00e8che-linge<\/h2>\n\n\n\n<p><\/p>\n\n\n\n<p>\u00c9vitez absolument de mettre vos <strong>v\u00eatements imprim\u00e9s dans le s\u00e8che-linge<\/strong> ! Bien que cela puisse sembler pratique pour un s\u00e9chage rapide, cette m\u00e9thode d\u00e9t\u00e9riore vraiment la qualit\u00e9 et l&rsquo;apparence de vos marquages.<\/p>\n\n\n\n<p>Le s\u00e8che-linge a tendance \u00e0 provoquer la d\u00e9formation et le r\u00e9tr\u00e9cissement des motifs, ce qui risque d&rsquo;alt\u00e9rer consid\u00e9rablement l&rsquo;esth\u00e9tique de vos pi\u00e8ces personnalis\u00e9es. Pour <strong>pr\u00e9server vos v\u00eatements personnalisables<\/strong>, privil\u00e9giez un s\u00e9chage naturel. Cette astuce permettra \u00e0 vos textiles imprim\u00e9s de <strong>pr\u00e9server ainsi leur aspect d&rsquo;origine<\/strong>.&nbsp;<\/p>\n\n\n\n<p><\/p>\n\n\n\n<h2 class=\"wp-block-heading\" id=\"lessive\">Choisissez une bonne lessive<\/h2>\n\n\n\n<p><\/p>\n\n\n\n<p>\u00c9vitez les lessives contenant des substances trop agressives ou encore l\u2019eau de Javel. Elles peuvent d\u00e9t\u00e9riorer votre marquage ! Nous vous conseillons de choisir un produit doux et adapt\u00e9 \u00e0 la mati\u00e8re.<\/p>\n\n\n\n<p><\/p>\n\n\n\n<h2 class=\"wp-block-heading\" id=\"repassage\">\u00c9vitez de repasser directement sur le marquage<\/h2>\n\n\n\n<p><\/p>\n\n\n\n<p>Attention, il ne faut surtout <strong>pas mettre le fer \u00e0 repasser<\/strong> directement sur le marquage !&nbsp;Placez d\u2019abord votre v\u00eatement \u00e0 l\u2019envers, r\u00e9glez le fer sur le r\u00e9glage le plus bas, et ajustez la temp\u00e9rature. Prenez l&rsquo;habitude de retourner votre v\u00eatement et de repasser \u00e0 l\u2019envers. Cette technique permet de minimiser le risque de d\u00e9formation !<\/p>\n\n\n\n<p>Sinon, vous pouvez aussi <strong>utiliser un d\u00e9froisseur<\/strong>, cette solution sera id\u00e9ale&nbsp;pour enlever les plis de votre textile sans ab\u00eemer le marquage !&nbsp;<\/p>\n\n\n\n<p><\/p>\n\n\n\n<hr class=\"wp-block-separator has-alpha-channel-opacity\"\/>\n\n\n\n<p><\/p>\n\n\n\n<p>Vous souhaitez vous procurer des <strong>v\u00eatements personnalis\u00e9s <\/strong>pour votre entreprise ? N\u2019h\u00e9sitez pas \u00e0 nous contacter pour obtenir un devis et d\u00e9couvrir nos offres adapt\u00e9es \u00e0 vos besoins.<\/p>\n\n\n\n<p><\/p>\n","protected":false},"excerpt":{"rendered":"<p>Pour n&rsquo;importe quel v\u00eatement personnalis\u00e9, les r\u00e8gles principales restent les m\u00eames et n\u00e9cessitent de suivre quelques bonnes pratiques !<\/p>\n","protected":false},"author":17,"featured_media":3904,"comment_status":"closed","ping_status":"open","sticky":false,"template":"","format":"standard","meta":{"_yoast_wpseo_metadesc":"Vous vous demandez comment pr\u00e9server vos v\u00eatements personnalis\u00e9s et leurs marquages ? La r\u00e9ponse dans notre article !","_monsterinsights_skip_tracking":false,"_monsterinsights_sitenote_active":false,"_monsterinsights_sitenote_note":"","_monsterinsights_sitenote_category":0,"site-sidebar-layout":"default","site-content-layout":"","ast-site-content-layout":"default","site-content-style":"default","site-sidebar-style":"default","ast-global-header-display":"","ast-banner-title-visibility":"","ast-main-header-display":"","ast-hfb-above-header-display":"","ast-hfb-below-header-display":"","ast-hfb-mobile-header-display":"","site-post-title":"","ast-breadcrumbs-content":"","ast-featured-img":"disabled","footer-sml-layout":"","ast-disable-related-posts":"","theme-transparent-header-meta":"","adv-header-id-meta":"","stick-header-meta":"","header-above-stick-meta":"","header-main-stick-meta":"","header-below-stick-meta":"","astra-migrate-meta-layouts":"set","ast-page-background-enabled":"default","ast-page-background-meta":{"desktop":{"background-color":"","background-image":"","background-repeat":"repeat","background-position":"center center","background-size":"auto","background-attachment":"scroll","background-type":"","background-media":"","overlay-type":"","overlay-color":"","overlay-opacity":"","overlay-gradient":""},"tablet":{"background-color":"","background-image":"","background-repeat":"repeat","background-position":"center center","background-size":"auto","background-attachment":"scroll","background-type":"","background-media":"","overlay-type":"","overlay-color":"","overlay-opacity":"","overlay-gradient":""},"mobile":{"background-color":"","background-image":"","background-repeat":"repeat","background-position":"center center","background-size":"auto","background-attachment":"scroll","background-type":"","background-media":"","overlay-type":"","overlay-color":"","overlay-opacity":"","overlay-gradient":""}},"ast-content-background-meta":{"desktop":{"background-color":"var(--ast-global-color-5)","background-image":"","background-repeat":"repeat","background-position":"center center","background-size":"auto","background-attachment":"scroll","background-type":"","background-media":"","overlay-type":"","overlay-color":"","overlay-opacity":"","overlay-gradient":""},"tablet":{"background-color":"var(--ast-global-color-5)","background-image":"","background-repeat":"repeat","background-position":"center center","background-size":"auto","background-attachment":"scroll","background-type":"","background-media":"","overlay-type":"","overlay-color":"","overlay-opacity":"","overlay-gradient":""},"mobile":{"background-color":"var(--ast-global-color-5)","background-image":"","background-repeat":"repeat","background-position":"center center","background-size":"auto","background-attachment":"scroll","background-type":"","background-media":"","overlay-type":"","overlay-color":"","overlay-opacity":"","overlay-gradient":""}},"footnotes":""},"categories":[135],"tags":[148],"class_list":["post-2699","post","type-post","status-publish","format-standard","has-post-thumbnail","hentry","category-conseils","tag-vetements"],"yoast_head":"<!-- This site is optimized with the Yoast SEO plugin v27.5 - https:\/\/yoast.com\/product\/yoast-seo-wordpress\/ -->\n<title>Comment entretenir et laver ses v\u00eatements personnalis\u00e9s ?<\/title>\n<meta name=\"description\" content=\"Vous vous demandez comment pr\u00e9server vos v\u00eatements personnalis\u00e9s et leurs marquages ? La r\u00e9ponse dans notre article !\" \/>\n<meta name=\"robots\" content=\"index, follow, max-snippet:-1, max-image-preview:large, max-video-preview:-1\" \/>\n<link rel=\"canonical\" href=\"https:\/\/b.main-gauche.com\/cinq-astuces-preserver-vetements-personnalises\/\" \/>\n<meta property=\"og:locale\" content=\"fr_FR\" \/>\n<meta property=\"og:type\" content=\"article\" \/>\n<meta property=\"og:title\" content=\"Comment entretenir et laver ses v\u00eatements personnalis\u00e9s ?\" \/>\n<meta property=\"og:description\" content=\"Vous vous demandez comment pr\u00e9server vos v\u00eatements personnalis\u00e9s et leurs marquages ? La r\u00e9ponse dans notre article !\" \/>\n<meta property=\"og:url\" content=\"https:\/\/b.main-gauche.com\/cinq-astuces-preserver-vetements-personnalises\/\" \/>\n<meta property=\"og:site_name\" content=\"MAINGAUCHE - Le blog\" \/>\n<meta property=\"article:publisher\" content=\"https:\/\/www.facebook.com\/main.gauche.imprimeur\/?locale=fr_FR\" \/>\n<meta property=\"article:published_time\" content=\"2025-11-21T15:30:26+00:00\" \/>\n<meta property=\"article:modified_time\" content=\"2026-03-24T08:54:48+00:00\" \/>\n<meta property=\"og:image\" content=\"https:\/\/b.main-gauche.com\/wp-content\/uploads\/2024\/07\/t-shirt-brode-vert.webp\" \/>\n\t<meta property=\"og:image:width\" content=\"917\" \/>\n\t<meta property=\"og:image:height\" content=\"610\" \/>\n\t<meta property=\"og:image:type\" content=\"image\/webp\" \/>\n<meta name=\"author\" content=\"Marine\" \/>\n<meta name=\"twitter:card\" content=\"summary_large_image\" \/>\n<meta name=\"twitter:label1\" content=\"\u00c9crit par\" \/>\n\t<meta name=\"twitter:data1\" content=\"Marine\" \/>\n\t<meta name=\"twitter:label2\" content=\"Dur\u00e9e de lecture estim\u00e9e\" \/>\n\t<meta name=\"twitter:data2\" content=\"4 minutes\" \/>\n<script type=\"application\/ld+json\" class=\"yoast-schema-graph\">{\"@context\":\"https:\\\/\\\/schema.org\",\"@graph\":[{\"@type\":[\"Article\",\"BlogPosting\"],\"@id\":\"https:\\\/\\\/b.main-gauche.com\\\/cinq-astuces-preserver-vetements-personnalises\\\/#article\",\"isPartOf\":{\"@id\":\"https:\\\/\\\/b.main-gauche.com\\\/cinq-astuces-preserver-vetements-personnalises\\\/\"},\"author\":{\"name\":\"Marine\",\"@id\":\"https:\\\/\\\/b.main-gauche.com\\\/#\\\/schema\\\/person\\\/d95c79de8e6ef12efa3b3c0bb899d7c3\"},\"headline\":\"Comment entretenir et laver ses v\u00eatements personnalis\u00e9s ?\",\"datePublished\":\"2025-11-21T15:30:26+00:00\",\"dateModified\":\"2026-03-24T08:54:48+00:00\",\"mainEntityOfPage\":{\"@id\":\"https:\\\/\\\/b.main-gauche.com\\\/cinq-astuces-preserver-vetements-personnalises\\\/\"},\"wordCount\":792,\"publisher\":{\"@id\":\"https:\\\/\\\/b.main-gauche.com\\\/#organization\"},\"image\":{\"@id\":\"https:\\\/\\\/b.main-gauche.com\\\/cinq-astuces-preserver-vetements-personnalises\\\/#primaryimage\"},\"thumbnailUrl\":\"https:\\\/\\\/b.main-gauche.com\\\/wp-content\\\/uploads\\\/2024\\\/07\\\/t-shirt-brode-vert.webp\",\"keywords\":[\"V\u00eatements personnalisables\"],\"articleSection\":[\"Conseils\"],\"inLanguage\":\"fr-FR\"},{\"@type\":\"WebPage\",\"@id\":\"https:\\\/\\\/b.main-gauche.com\\\/cinq-astuces-preserver-vetements-personnalises\\\/\",\"url\":\"https:\\\/\\\/b.main-gauche.com\\\/cinq-astuces-preserver-vetements-personnalises\\\/\",\"name\":\"Comment entretenir et laver ses v\u00eatements personnalis\u00e9s ?\",\"isPartOf\":{\"@id\":\"https:\\\/\\\/b.main-gauche.com\\\/#website\"},\"primaryImageOfPage\":{\"@id\":\"https:\\\/\\\/b.main-gauche.com\\\/cinq-astuces-preserver-vetements-personnalises\\\/#primaryimage\"},\"image\":{\"@id\":\"https:\\\/\\\/b.main-gauche.com\\\/cinq-astuces-preserver-vetements-personnalises\\\/#primaryimage\"},\"thumbnailUrl\":\"https:\\\/\\\/b.main-gauche.com\\\/wp-content\\\/uploads\\\/2024\\\/07\\\/t-shirt-brode-vert.webp\",\"datePublished\":\"2025-11-21T15:30:26+00:00\",\"dateModified\":\"2026-03-24T08:54:48+00:00\",\"description\":\"Vous vous demandez comment pr\u00e9server vos v\u00eatements personnalis\u00e9s et leurs marquages ? La r\u00e9ponse dans notre article !\",\"breadcrumb\":{\"@id\":\"https:\\\/\\\/b.main-gauche.com\\\/cinq-astuces-preserver-vetements-personnalises\\\/#breadcrumb\"},\"inLanguage\":\"fr-FR\",\"potentialAction\":[{\"@type\":\"ReadAction\",\"target\":[\"https:\\\/\\\/b.main-gauche.com\\\/cinq-astuces-preserver-vetements-personnalises\\\/\"]}]},{\"@type\":\"ImageObject\",\"inLanguage\":\"fr-FR\",\"@id\":\"https:\\\/\\\/b.main-gauche.com\\\/cinq-astuces-preserver-vetements-personnalises\\\/#primaryimage\",\"url\":\"https:\\\/\\\/b.main-gauche.com\\\/wp-content\\\/uploads\\\/2024\\\/07\\\/t-shirt-brode-vert.webp\",\"contentUrl\":\"https:\\\/\\\/b.main-gauche.com\\\/wp-content\\\/uploads\\\/2024\\\/07\\\/t-shirt-brode-vert.webp\",\"width\":917,\"height\":610},{\"@type\":\"BreadcrumbList\",\"@id\":\"https:\\\/\\\/b.main-gauche.com\\\/cinq-astuces-preserver-vetements-personnalises\\\/#breadcrumb\",\"itemListElement\":[{\"@type\":\"ListItem\",\"position\":1,\"name\":\"Accueil\",\"item\":\"https:\\\/\\\/b.main-gauche.com\\\/\"},{\"@type\":\"ListItem\",\"position\":2,\"name\":\"Comment entretenir et laver ses v\u00eatements personnalis\u00e9s ?\"}]},{\"@type\":\"WebSite\",\"@id\":\"https:\\\/\\\/b.main-gauche.com\\\/#website\",\"url\":\"https:\\\/\\\/b.main-gauche.com\\\/\",\"name\":\"MAINGAUCHE - Le blog\",\"description\":\"\",\"publisher\":{\"@id\":\"https:\\\/\\\/b.main-gauche.com\\\/#organization\"},\"potentialAction\":[{\"@type\":\"SearchAction\",\"target\":{\"@type\":\"EntryPoint\",\"urlTemplate\":\"https:\\\/\\\/b.main-gauche.com\\\/?s={search_term_string}\"},\"query-input\":{\"@type\":\"PropertyValueSpecification\",\"valueRequired\":true,\"valueName\":\"search_term_string\"}}],\"inLanguage\":\"fr-FR\"},{\"@type\":\"Organization\",\"@id\":\"https:\\\/\\\/b.main-gauche.com\\\/#organization\",\"name\":\"MAINGAUCHE\",\"url\":\"https:\\\/\\\/b.main-gauche.com\\\/\",\"logo\":{\"@type\":\"ImageObject\",\"inLanguage\":\"fr-FR\",\"@id\":\"https:\\\/\\\/b.main-gauche.com\\\/#\\\/schema\\\/logo\\\/image\\\/\",\"url\":\"https:\\\/\\\/b.main-gauche.com\\\/wp-content\\\/uploads\\\/2025\\\/12\\\/logo-website-maingauche.svg\",\"contentUrl\":\"https:\\\/\\\/b.main-gauche.com\\\/wp-content\\\/uploads\\\/2025\\\/12\\\/logo-website-maingauche.svg\",\"width\":180,\"height\":60,\"caption\":\"MAINGAUCHE\"},\"image\":{\"@id\":\"https:\\\/\\\/b.main-gauche.com\\\/#\\\/schema\\\/logo\\\/image\\\/\"},\"sameAs\":[\"https:\\\/\\\/www.facebook.com\\\/main.gauche.imprimeur\\\/?locale=fr_FR\",\"https:\\\/\\\/www.instagram.com\\\/main_gauche_imprimeur\\\/\"]},{\"@type\":\"Person\",\"@id\":\"https:\\\/\\\/b.main-gauche.com\\\/#\\\/schema\\\/person\\\/d95c79de8e6ef12efa3b3c0bb899d7c3\",\"name\":\"Marine\",\"image\":{\"@type\":\"ImageObject\",\"inLanguage\":\"fr-FR\",\"@id\":\"https:\\\/\\\/secure.gravatar.com\\\/avatar\\\/32c6f607921c7d04c184b80d882c3ee58284c895f8fefec6c49a6dc9e7610c3b?s=96&d=mm&r=g\",\"url\":\"https:\\\/\\\/secure.gravatar.com\\\/avatar\\\/32c6f607921c7d04c184b80d882c3ee58284c895f8fefec6c49a6dc9e7610c3b?s=96&d=mm&r=g\",\"contentUrl\":\"https:\\\/\\\/secure.gravatar.com\\\/avatar\\\/32c6f607921c7d04c184b80d882c3ee58284c895f8fefec6c49a6dc9e7610c3b?s=96&d=mm&r=g\",\"caption\":\"Marine\"},\"description\":\"Moi c'est Marine, Head of Marketing chez MAINGAUCHE. Forte de plus de 4 ans d'exp\u00e9rience dans la personnalisation textile, je suis passionn\u00e9e par l'innovation et l'engagement \u00e9coresponsable. Je partage ici mes insights sur les tendances du march\u00e9, les meilleures pratiques du secteur et les techniques de personnalisation pour aider chaque professionnel \u00e0 maximiser le potentiel de ses projets textiles.\",\"url\":\"https:\\\/\\\/b.main-gauche.com\\\/author\\\/marine-merle\\\/\"}]}<\/script>\n<!-- \/ Yoast SEO plugin. -->","yoast_head_json":{"title":"Comment entretenir et laver ses v\u00eatements personnalis\u00e9s ?","description":"Vous vous demandez comment pr\u00e9server vos v\u00eatements personnalis\u00e9s et leurs marquages ? La r\u00e9ponse dans notre article !","robots":{"index":"index","follow":"follow","max-snippet":"max-snippet:-1","max-image-preview":"max-image-preview:large","max-video-preview":"max-video-preview:-1"},"canonical":"https:\/\/b.main-gauche.com\/cinq-astuces-preserver-vetements-personnalises\/","og_locale":"fr_FR","og_type":"article","og_title":"Comment entretenir et laver ses v\u00eatements personnalis\u00e9s ?","og_description":"Vous vous demandez comment pr\u00e9server vos v\u00eatements personnalis\u00e9s et leurs marquages ? La r\u00e9ponse dans notre article !","og_url":"https:\/\/b.main-gauche.com\/cinq-astuces-preserver-vetements-personnalises\/","og_site_name":"MAINGAUCHE - Le blog","article_publisher":"https:\/\/www.facebook.com\/main.gauche.imprimeur\/?locale=fr_FR","article_published_time":"2025-11-21T15:30:26+00:00","article_modified_time":"2026-03-24T08:54:48+00:00","og_image":[{"width":917,"height":610,"url":"https:\/\/b.main-gauche.com\/wp-content\/uploads\/2024\/07\/t-shirt-brode-vert.webp","type":"image\/webp"}],"author":"Marine","twitter_card":"summary_large_image","twitter_misc":{"\u00c9crit par":"Marine","Dur\u00e9e de lecture estim\u00e9e":"4 minutes"},"schema":{"@context":"https:\/\/schema.org","@graph":[{"@type":["Article","BlogPosting"],"@id":"https:\/\/b.main-gauche.com\/cinq-astuces-preserver-vetements-personnalises\/#article","isPartOf":{"@id":"https:\/\/b.main-gauche.com\/cinq-astuces-preserver-vetements-personnalises\/"},"author":{"name":"Marine","@id":"https:\/\/b.main-gauche.com\/#\/schema\/person\/d95c79de8e6ef12efa3b3c0bb899d7c3"},"headline":"Comment entretenir et laver ses v\u00eatements personnalis\u00e9s ?","datePublished":"2025-11-21T15:30:26+00:00","dateModified":"2026-03-24T08:54:48+00:00","mainEntityOfPage":{"@id":"https:\/\/b.main-gauche.com\/cinq-astuces-preserver-vetements-personnalises\/"},"wordCount":792,"publisher":{"@id":"https:\/\/b.main-gauche.com\/#organization"},"image":{"@id":"https:\/\/b.main-gauche.com\/cinq-astuces-preserver-vetements-personnalises\/#primaryimage"},"thumbnailUrl":"https:\/\/b.main-gauche.com\/wp-content\/uploads\/2024\/07\/t-shirt-brode-vert.webp","keywords":["V\u00eatements personnalisables"],"articleSection":["Conseils"],"inLanguage":"fr-FR"},{"@type":"WebPage","@id":"https:\/\/b.main-gauche.com\/cinq-astuces-preserver-vetements-personnalises\/","url":"https:\/\/b.main-gauche.com\/cinq-astuces-preserver-vetements-personnalises\/","name":"Comment entretenir et laver ses v\u00eatements personnalis\u00e9s ?","isPartOf":{"@id":"https:\/\/b.main-gauche.com\/#website"},"primaryImageOfPage":{"@id":"https:\/\/b.main-gauche.com\/cinq-astuces-preserver-vetements-personnalises\/#primaryimage"},"image":{"@id":"https:\/\/b.main-gauche.com\/cinq-astuces-preserver-vetements-personnalises\/#primaryimage"},"thumbnailUrl":"https:\/\/b.main-gauche.com\/wp-content\/uploads\/2024\/07\/t-shirt-brode-vert.webp","datePublished":"2025-11-21T15:30:26+00:00","dateModified":"2026-03-24T08:54:48+00:00","description":"Vous vous demandez comment pr\u00e9server vos v\u00eatements personnalis\u00e9s et leurs marquages ? La r\u00e9ponse dans notre article !","breadcrumb":{"@id":"https:\/\/b.main-gauche.com\/cinq-astuces-preserver-vetements-personnalises\/#breadcrumb"},"inLanguage":"fr-FR","potentialAction":[{"@type":"ReadAction","target":["https:\/\/b.main-gauche.com\/cinq-astuces-preserver-vetements-personnalises\/"]}]},{"@type":"ImageObject","inLanguage":"fr-FR","@id":"https:\/\/b.main-gauche.com\/cinq-astuces-preserver-vetements-personnalises\/#primaryimage","url":"https:\/\/b.main-gauche.com\/wp-content\/uploads\/2024\/07\/t-shirt-brode-vert.webp","contentUrl":"https:\/\/b.main-gauche.com\/wp-content\/uploads\/2024\/07\/t-shirt-brode-vert.webp","width":917,"height":610},{"@type":"BreadcrumbList","@id":"https:\/\/b.main-gauche.com\/cinq-astuces-preserver-vetements-personnalises\/#breadcrumb","itemListElement":[{"@type":"ListItem","position":1,"name":"Accueil","item":"https:\/\/b.main-gauche.com\/"},{"@type":"ListItem","position":2,"name":"Comment entretenir et laver ses v\u00eatements personnalis\u00e9s ?"}]},{"@type":"WebSite","@id":"https:\/\/b.main-gauche.com\/#website","url":"https:\/\/b.main-gauche.com\/","name":"MAINGAUCHE - Le blog","description":"","publisher":{"@id":"https:\/\/b.main-gauche.com\/#organization"},"potentialAction":[{"@type":"SearchAction","target":{"@type":"EntryPoint","urlTemplate":"https:\/\/b.main-gauche.com\/?s={search_term_string}"},"query-input":{"@type":"PropertyValueSpecification","valueRequired":true,"valueName":"search_term_string"}}],"inLanguage":"fr-FR"},{"@type":"Organization","@id":"https:\/\/b.main-gauche.com\/#organization","name":"MAINGAUCHE","url":"https:\/\/b.main-gauche.com\/","logo":{"@type":"ImageObject","inLanguage":"fr-FR","@id":"https:\/\/b.main-gauche.com\/#\/schema\/logo\/image\/","url":"https:\/\/b.main-gauche.com\/wp-content\/uploads\/2025\/12\/logo-website-maingauche.svg","contentUrl":"https:\/\/b.main-gauche.com\/wp-content\/uploads\/2025\/12\/logo-website-maingauche.svg","width":180,"height":60,"caption":"MAINGAUCHE"},"image":{"@id":"https:\/\/b.main-gauche.com\/#\/schema\/logo\/image\/"},"sameAs":["https:\/\/www.facebook.com\/main.gauche.imprimeur\/?locale=fr_FR","https:\/\/www.instagram.com\/main_gauche_imprimeur\/"]},{"@type":"Person","@id":"https:\/\/b.main-gauche.com\/#\/schema\/person\/d95c79de8e6ef12efa3b3c0bb899d7c3","name":"Marine","image":{"@type":"ImageObject","inLanguage":"fr-FR","@id":"https:\/\/secure.gravatar.com\/avatar\/32c6f607921c7d04c184b80d882c3ee58284c895f8fefec6c49a6dc9e7610c3b?s=96&d=mm&r=g","url":"https:\/\/secure.gravatar.com\/avatar\/32c6f607921c7d04c184b80d882c3ee58284c895f8fefec6c49a6dc9e7610c3b?s=96&d=mm&r=g","contentUrl":"https:\/\/secure.gravatar.com\/avatar\/32c6f607921c7d04c184b80d882c3ee58284c895f8fefec6c49a6dc9e7610c3b?s=96&d=mm&r=g","caption":"Marine"},"description":"Moi c'est Marine, Head of Marketing chez MAINGAUCHE. Forte de plus de 4 ans d'exp\u00e9rience dans la personnalisation textile, je suis passionn\u00e9e par l'innovation et l'engagement \u00e9coresponsable. Je partage ici mes insights sur les tendances du march\u00e9, les meilleures pratiques du secteur et les techniques de personnalisation pour aider chaque professionnel \u00e0 maximiser le potentiel de ses projets textiles.","url":"https:\/\/b.main-gauche.com\/author\/marine-merle\/"}]}},"_links":{"self":[{"href":"https:\/\/b.main-gauche.com\/wp-json\/wp\/v2\/posts\/2699","targetHints":{"allow":["GET"]}}],"collection":[{"href":"https:\/\/b.main-gauche.com\/wp-json\/wp\/v2\/posts"}],"about":[{"href":"https:\/\/b.main-gauche.com\/wp-json\/wp\/v2\/types\/post"}],"author":[{"embeddable":true,"href":"https:\/\/b.main-gauche.com\/wp-json\/wp\/v2\/users\/17"}],"replies":[{"embeddable":true,"href":"https:\/\/b.main-gauche.com\/wp-json\/wp\/v2\/comments?post=2699"}],"version-history":[{"count":12,"href":"https:\/\/b.main-gauche.com\/wp-json\/wp\/v2\/posts\/2699\/revisions"}],"predecessor-version":[{"id":7464,"href":"https:\/\/b.main-gauche.com\/wp-json\/wp\/v2\/posts\/2699\/revisions\/7464"}],"wp:featuredmedia":[{"embeddable":true,"href":"https:\/\/b.main-gauche.com\/wp-json\/wp\/v2\/media\/3904"}],"wp:attachment":[{"href":"https:\/\/b.main-gauche.com\/wp-json\/wp\/v2\/media?parent=2699"}],"wp:term":[{"taxonomy":"category","embeddable":true,"href":"https:\/\/b.main-gauche.com\/wp-json\/wp\/v2\/categories?post=2699"},{"taxonomy":"post_tag","embeddable":true,"href":"https:\/\/b.main-gauche.com\/wp-json\/wp\/v2\/tags?post=2699"}],"curies":[{"name":"wp","href":"https:\/\/api.w.org\/{rel}","templated":true}]}}