{"id":2607,"date":"2024-05-27T15:38:55","date_gmt":"2024-05-27T14:38:55","guid":{"rendered":"https:\/\/blog.main-gauche.com\/?p=2607"},"modified":"2026-03-24T09:53:12","modified_gmt":"2026-03-24T08:53:12","slug":"au-menu-du-jour-le-polo-personnalise-pour-restaurant","status":"publish","type":"post","link":"https:\/\/b.main-gauche.com\/au-menu-du-jour-le-polo-personnalise-pour-restaurant\/","title":{"rendered":"Au menu du jour : le polo personnalis\u00e9 pour restaurant"},"content":{"rendered":"\n<p>On ne vous apprend rien : l&rsquo;uniforme est un \u00e9l\u00e9ment essentiel dans le secteur de la restauration (et pas que, d\u2019ailleurs !). Bien qu&rsquo;il existe des tas de textiles personnalisables pour composer l&rsquo;uniforme de votre personnel, le<strong> <\/strong><a href=\"https:\/\/main-gauche.com\/personnaliser\/polos\" target=\"_blank\" rel=\"noreferrer noopener\">polo personnalis\u00e9 pour restaurant<\/a> est un incontournable.<\/p>\n\n\n\n<p>Les uniformes sont essentiels : nous sommes tous d\u2019accord l\u00e0-dessus. Mais ce n\u2019est pas pour autant qu\u2019ils doivent \u00eatre ennuyeux et impersonnels ! Les polos personnalis\u00e9s peuvent avoir plusieurs avantages selon votre activit\u00e9. Ils peuvent servir notamment de textile publicitaire pour la cr\u00e9ation d\u2019une image de marque \u00e0 la fois coh\u00e9rente et professionnelle. Selon votre strat\u00e9gie ainsi que votre positionnement, certains textiles conviendront davantage que d\u2019autres dans la constitution de l\u2019<a href=\"https:\/\/main-gauche.com\/blogs\/pourquoi-personnaliser-tenues-pour-vos-collaborateurs\">uniforme de vos collaborateurs<\/a>. Abordons dans un premier temps le cas du polo personnalisable (\u00e0 manches courtes comme \u00e0 manches longues) !\u00a0<\/p>\n\n\n\n<p>Mais alors, <strong>pourquoi personnaliser des polos pour son restaurant<\/strong> ? D\u00e9couvrons-le dans cet article !<\/p>\n\n\n\n<p><\/p>\n\n\n\n<figure class=\"wp-block-image size-large is-style-small-rounded\"><img fetchpriority=\"high\" decoding=\"async\" width=\"1024\" height=\"600\" src=\"https:\/\/main-gauche.com\/blogs\/wp-content\/uploads\/2024\/05\/IMAGE-ARTICLE-BLOG-3-1024x600.webp\" alt=\"Polo personnalis\u00e9 pour restaurant en broderie\" class=\"wp-image-2615\" srcset=\"https:\/\/b.main-gauche.com\/wp-content\/uploads\/2024\/05\/IMAGE-ARTICLE-BLOG-3-1024x600.webp 1024w, https:\/\/b.main-gauche.com\/wp-content\/uploads\/2024\/05\/IMAGE-ARTICLE-BLOG-3-300x176.webp 300w, https:\/\/b.main-gauche.com\/wp-content\/uploads\/2024\/05\/IMAGE-ARTICLE-BLOG-3-768x450.webp 768w, https:\/\/b.main-gauche.com\/wp-content\/uploads\/2024\/05\/IMAGE-ARTICLE-BLOG-3-800x469.webp 800w, https:\/\/b.main-gauche.com\/wp-content\/uploads\/2024\/05\/IMAGE-ARTICLE-BLOG-3.webp 1280w\" sizes=\"(max-width: 1024px) 100vw, 1024px\" \/><\/figure>\n\n\n\n<p><\/p>\n\n\n\n<p>Sommaire :<\/p>\n\n\n\n<ol class=\"wp-block-list\">\n<li><a href=\"#interet\">L&rsquo;int\u00e9r\u00eat du polo personnalis\u00e9 pour les restaurants<\/a><\/li>\n\n\n\n<li><a href=\"#comment\">Comment cr\u00e9er un polo personnalis\u00e9 pour votre restaurant ?<\/a><\/li>\n\n\n\n<li><a href=\"#restaurants\">Les restaurants ayant fait confiance \u00e0&nbsp;MAINGAUCHE pour leurs polos personnalis\u00e9s<\/a><\/li>\n<\/ol>\n\n\n\n<p><\/p>\n\n\n\n<h2 class=\"wp-block-heading\" id=\"interet\">1. L\u2019int\u00e9r\u00eat du polo personnalis\u00e9 pour les restaurants&nbsp;<\/h2>\n\n\n\n<p><\/p>\n\n\n\n<p>La <strong>restauration<\/strong>, tout comme l\u2019<strong>h\u00f4tellerie<\/strong>, est un secteur o\u00f9 l&rsquo;apparence et le service sont des variables capitales. La <a href=\"https:\/\/main-gauche.com\/blogs\/vetements-personnalises-restaurant\">tenue professionnelle en CHR<\/a> joue un r\u00f4le tr\u00e8s important dans la perception des clients de votre \u00e9tablissement.<\/p>\n\n\n\n<p><\/p>\n\n\n\n<h3 class=\"wp-block-heading\"><em>Facilitez le service et am\u00e9liorez votre exp\u00e9rience client !<\/em><\/h3>\n\n\n\n<p><\/p>\n\n\n\n<p>Lorsque l\u2019on pense polos personnalis\u00e9s, on imagine g\u00e9n\u00e9ralement un simple v\u00eatement \u00e0 l\u2019image de l\u2019entreprise. Cependant, on pense rarement aux bienfaits qu\u2019ils apportent.<\/p>\n\n\n\n<p>En effet, <a href=\"https:\/\/main-gauche.com\/blogs\/cinq-raisons-de-personnaliser-des-polos\">il existe plein de raisons int\u00e9ressantes qui justifient la personnalisation de polos<\/a>, non seulement pour vos collaborateurs, mais aussi pour vos clients ! Lorsque l\u2019on rentre dans un restaurant, nous sommes g\u00e9n\u00e9ralement accueillis par un serveur ou un membre de l\u2019\u00e9quipe. Gr\u00e2ce aux<strong> polos personnalis\u00e9s<\/strong>, vos clients vont pouvoir identifier facilement les membres de votre \u00e9quipe. Cela permettra une communication facile, un service de table rapide et une relation de confiance entre les clients et vos collaborateurs.<\/p>\n\n\n\n<p>Du point de vue oppos\u00e9, vos collaborateurs pourront aider vos clients plus facilement et plus rapidement, gr\u00e2ce \u00e0 leur identification rapide par la client\u00e8le, permettant un service personnalis\u00e9 de qualit\u00e9 !<\/p>\n\n\n\n<p><\/p>\n\n\n\n<h3 class=\"wp-block-heading\"><em>Des polos personnalis\u00e9s pour unifier vos collaborateurs !<\/em><\/h3>\n\n\n\n<p><\/p>\n\n\n\n<p>Nous vous l\u2019avions bien dit\u2026 les bienfaits sont multiples ! Un des effets les plus connus des polos personnalis\u00e9s est qu\u2019il unifie les \u00e9quipes, en apportant un sentiment d\u2019appartenance et une <a href=\"https:\/\/main-gauche.com\/blogs\/team-building-textiles-personnalises-culture-entreprise-solide\">coh\u00e9sion entre les collaborateurs<\/a>. Quand l&rsquo;ensemble des membres d\u2019une \u00e9quipe portent le m\u00eame polo personnalis\u00e9, on se sent davantage \u201cchez soi\u201d, facilitant l\u2019int\u00e9gration et la bonne entente entre tous les membres. De plus, les polos r\u00e9duisent les in\u00e9galit\u00e9s et les potentielles diff\u00e9rences entre les collaborateurs, pouvant nuire \u00e0 la bonne coh\u00e9sion de l\u2019\u00e9quipe.<\/p>\n\n\n\n<p><\/p>\n\n\n\n<figure class=\"wp-block-image size-large is-style-small-rounded\"><img decoding=\"async\" width=\"1024\" height=\"600\" src=\"https:\/\/main-gauche.com\/blogs\/wp-content\/uploads\/2024\/05\/IMAGE-ARTICLE-BLOG-1-1-1024x600.webp\" alt=\"Polo personnalis\u00e9 pour McDonald's\" class=\"wp-image-2616\" srcset=\"https:\/\/b.main-gauche.com\/wp-content\/uploads\/2024\/05\/IMAGE-ARTICLE-BLOG-1-1-1024x600.webp 1024w, https:\/\/b.main-gauche.com\/wp-content\/uploads\/2024\/05\/IMAGE-ARTICLE-BLOG-1-1-300x176.webp 300w, https:\/\/b.main-gauche.com\/wp-content\/uploads\/2024\/05\/IMAGE-ARTICLE-BLOG-1-1-768x450.webp 768w, https:\/\/b.main-gauche.com\/wp-content\/uploads\/2024\/05\/IMAGE-ARTICLE-BLOG-1-1-800x469.webp 800w, https:\/\/b.main-gauche.com\/wp-content\/uploads\/2024\/05\/IMAGE-ARTICLE-BLOG-1-1.webp 1280w\" sizes=\"(max-width: 1024px) 100vw, 1024px\" \/><\/figure>\n\n\n\n<p><\/p>\n\n\n\n<p>L\u2019identification rapide des collaborateurs gr\u00e2ce aux polos personnalis\u00e9s se fait aussi entre eux, lors des services \u00e0 table par exemple. Ils peuvent se rep\u00e9rer plus facilement parmi la foule, leur permettant de se r\u00e9partir les t\u00e2ches, de se donner des consignes, des directives\u2026 ce qui d\u00e9veloppe au final, un r\u00e9el esprit d\u2019\u00e9quipe !<\/p>\n\n\n\n<p>Porter des polos avec le <strong>logo<\/strong> et les <strong>couleurs <\/strong>de l&rsquo;entreprise peut susciter une fiert\u00e9 collective. Vos collaborateurs sont en g\u00e9n\u00e9ral plus motiv\u00e9s lorsqu&rsquo;ils sont fiers de repr\u00e9senter leur entreprise. Cette fiert\u00e9 peut se traduire par un engagement suppl\u00e9mentaire, une performance am\u00e9lior\u00e9e, une constante bonne humeur et une volont\u00e9 de promouvoir les valeurs de l&rsquo;entreprise tant en interne qu&rsquo;en externe.<\/p>\n\n\n\n<p>Le polo personnalis\u00e9 n\u2019est donc pas qu\u2019un simple accessoire d\u00e9coratif pour votre \u00e9quipe, il joue un vrai r\u00f4le dans le d\u00e9veloppement de votre entreprise et le d\u00e9veloppement personnel de vos collaborateurs. C\u2019est la raison pour laquelle nous vous recommandons d\u2019utiliser des<strong> polos personnalisables pour vos collaborateurs<\/strong> !<\/p>\n\n\n\n<p><\/p>\n\n\n\n<h2 class=\"wp-block-heading\" id=\"comment\">2. Comment cr\u00e9er un polo personnalis\u00e9 pour votre restaurant ?<\/h2>\n\n\n\n<p><\/p>\n\n\n\n<p>Pour cr\u00e9er votre propre polo personnalis\u00e9, vous devez prendre en compte plusieurs facteurs, afin que le rendu soit parfait, ou encore mieux que \u00e7a ! L\u2019objectif principal est de se diff\u00e9rencier le plus possible de ses concurrents, tout en gardant les valeurs de son enseigne. Et pour cela, il faut respecter un proc\u00e9d\u00e9 tr\u00e8s simple :<\/p>\n\n\n\n<p><\/p>\n\n\n\n<h3 class=\"wp-block-heading\"><em>Le choix du textile<\/em><\/h3>\n\n\n\n<p><\/p>\n\n\n\n<p>Bien \u00e9videmment, il faut commencer quelque part\u2026 Le choix du textile sera donc votre premi\u00e8re \u00e9tape de fabrication de votre polo personnalis\u00e9. Il faut prendre en compte les diff\u00e9rentes morphologies des membres de votre \u00e9quipe, <strong>hommes <\/strong>comme <strong>femmes<\/strong>, ainsi que l&rsquo;usage qui en sera fait. Le textile doit \u00eatre confortable \u00e0 porter et ne pas g\u00eaner les mouvements de vos collaborateurs dans l&rsquo;ex\u00e9cution de leurs missions. Le <a href=\"https:\/\/main-gauche.com\/blogs\/quest-ce-que-les-manches-raglan\">polo \u00e0 manches raglan<\/a> est int\u00e9ressant en ce sens !<\/p>\n\n\n\n<p>Choisissez le mod\u00e8le qui vous convient parmi les nombreuses offres disponibles (<a href=\"https:\/\/main-gauche.com\/personnaliser\/polos\/polos-manches-courtes\" target=\"_blank\" rel=\"noreferrer noopener\">polos \u00e0 manches courtes<\/a>, <a href=\"https:\/\/main-gauche.com\/personnaliser\/polos\/polos-manches-longues\" target=\"_blank\" rel=\"noreferrer noopener\">polos \u00e0 manches longues<\/a>, premium,&nbsp;\u00e9co-responsable, etc.). Choisissez aussi la couleur qui vous correspond le mieux. Ce sera la base de votre polo : elle doit donc repr\u00e9senter au mieux votre restaurant ! Le choix vous appartient, c\u2019est votre cr\u00e9ation du d\u00e9but \u00e0 la fin.<\/p>\n\n\n\n<p><\/p>\n\n\n\n<h3 class=\"wp-block-heading\"><em>La personnalisation<\/em><\/h3>\n\n\n\n<p><\/p>\n\n\n\n<p>Le choix du textile est effectu\u00e9 ? Place \u00e0 la personnalisation de votre futur chef-d\u2019\u0153uvre ! En fonction du design que vous souhaitez mettre sur votre polo publicitaire, une technique de marquage vous sera propos\u00e9e par nos experts pour que votre projet soit aussi r\u00e9ussi que vous l\u2019avez imagin\u00e9.&nbsp;<\/p>\n\n\n\n<p>Si vous n\u2019avez pas d\u2019id\u00e9e de design en t\u00eate, pas de panique ! Notre service de <a href=\"https:\/\/main-gauche.com\/service\/creation-graphique\">cr\u00e9ation graphique<\/a> peut aussi vous aiguiller et vous aider pour votre design, pour que celui-ci convienne le mieux \u00e0 votre projet, que vous nous aurez d\u00e9taill\u00e9 au pr\u00e9alable.<\/p>\n\n\n\n<p><\/p>\n\n\n\n<h3 class=\"wp-block-heading\"><em>Le choix du marquage et de son emplacement<\/em><\/h3>\n\n\n\n<p><\/p>\n\n\n\n<p>Apr\u00e8s avoir personnalis\u00e9 enti\u00e8rement votre polo, il manque l\u2019\u00e9tape la plus importante : que vais-je choisir comme marquage et o\u00f9 vais-je le mettre ?<\/p>\n\n\n\n<p>Pour faire simple, vous aurez la possibilit\u00e9 de choisir entre plusieurs m\u00e9thodes distinctes : <strong>la broderie, l\u2019impression, le flocage et les \u00e9cussons<\/strong>. En fonction de votre design, de votre projet ou encore de votre budget, nous sommes encore l\u00e0 pour vous conseiller ! Nos experts vous accompagnerons et vous expliquerons les techniques les plus adapt\u00e9es \u00e0 votre design et textile choisi, le but final \u00e9tant d\u2019obtenir le meilleur rendu possible.<\/p>\n\n\n\n<p>Le choix de l\u2019emplacement vous appartient enti\u00e8rement. Que ce soit sur les manches, sur le c\u0153ur, en plein milieu, dans le dos, les possibilit\u00e9s sont infinies. Nous pouvons aussi vous aider pour l\u2019emplacement gr\u00e2ce \u00e0 notre exp\u00e9rience, si votre id\u00e9e de projet est encore un peu floue, ou tout simplement si vous n\u00e9cessitez un second avis. L\u2019accompagnement de nos experts se fait du d\u00e9but \u00e0 la fin de votre projet, pour que vous soyez pleinement satisfait de votre produit final. Mais n\u2019oubliez pas, <strong>c\u2019est votre projet avant tout<\/strong> ! Nous sommes l\u00e0 pour vous donner des conseils professionnels, pour que votre polo personnalis\u00e9 soit comme vous l\u2019aviez imagin\u00e9.<\/p>\n\n\n\n<p><\/p>\n\n\n\n<h2 class=\"wp-block-heading\" id=\"restaurants\">3. Les restaurants ayant fait confiance \u00e0&nbsp;MAINGAUCHE pour leurs polos personnalis\u00e9s<\/h2>\n\n\n\n<p><\/p>\n\n\n\n<h3 class=\"wp-block-heading\"><em>Isola&nbsp;Bella et le polo manches courtes personnalis\u00e9 en broderie<\/em><\/h3>\n\n\n\n<p><\/p>\n\n\n\n<figure class=\"wp-block-gallery has-nested-images columns-default is-cropped wp-block-gallery-1 is-layout-flex wp-block-gallery-is-layout-flex\">\n<figure class=\"wp-block-image size-large is-style-small-rounded\"><img decoding=\"async\" width=\"1024\" height=\"1024\" data-id=\"2608\" src=\"https:\/\/main-gauche.com\/blogs\/wp-content\/uploads\/2024\/05\/24-1908_inspi1-1024x1024.webp\" alt=\"Polo personnalis\u00e9 pour le restaurant Isola Bella\" class=\"wp-image-2608\" srcset=\"https:\/\/b.main-gauche.com\/wp-content\/uploads\/2024\/05\/24-1908_inspi1-1024x1024.webp 1024w, https:\/\/b.main-gauche.com\/wp-content\/uploads\/2024\/05\/24-1908_inspi1-300x300.webp 300w, https:\/\/b.main-gauche.com\/wp-content\/uploads\/2024\/05\/24-1908_inspi1-150x150.webp 150w, https:\/\/b.main-gauche.com\/wp-content\/uploads\/2024\/05\/24-1908_inspi1-768x768.webp 768w, https:\/\/b.main-gauche.com\/wp-content\/uploads\/2024\/05\/24-1908_inspi1-800x800.webp 800w, https:\/\/b.main-gauche.com\/wp-content\/uploads\/2024\/05\/24-1908_inspi1-100x100.webp 100w, https:\/\/b.main-gauche.com\/wp-content\/uploads\/2024\/05\/24-1908_inspi1-170x170.webp 170w, https:\/\/b.main-gauche.com\/wp-content\/uploads\/2024\/05\/24-1908_inspi1.webp 1116w\" sizes=\"(max-width: 1024px) 100vw, 1024px\" \/><\/figure>\n\n\n\n<figure class=\"wp-block-image size-large is-style-small-rounded\"><img loading=\"lazy\" decoding=\"async\" width=\"1024\" height=\"1024\" data-id=\"2609\" src=\"https:\/\/main-gauche.com\/blogs\/wp-content\/uploads\/2024\/05\/24-1908_zoom-1024x1024.webp\" alt=\"Polo personnalis\u00e9 pour la broderie\" class=\"wp-image-2609\" srcset=\"https:\/\/b.main-gauche.com\/wp-content\/uploads\/2024\/05\/24-1908_zoom-1024x1024.webp 1024w, https:\/\/b.main-gauche.com\/wp-content\/uploads\/2024\/05\/24-1908_zoom-300x300.webp 300w, https:\/\/b.main-gauche.com\/wp-content\/uploads\/2024\/05\/24-1908_zoom-150x150.webp 150w, https:\/\/b.main-gauche.com\/wp-content\/uploads\/2024\/05\/24-1908_zoom-768x768.webp 768w, https:\/\/b.main-gauche.com\/wp-content\/uploads\/2024\/05\/24-1908_zoom-800x800.webp 800w, https:\/\/b.main-gauche.com\/wp-content\/uploads\/2024\/05\/24-1908_zoom-100x100.webp 100w, https:\/\/b.main-gauche.com\/wp-content\/uploads\/2024\/05\/24-1908_zoom-170x170.webp 170w, https:\/\/b.main-gauche.com\/wp-content\/uploads\/2024\/05\/24-1908_zoom.webp 1116w\" sizes=\"(max-width: 1024px) 100vw, 1024px\" \/><\/figure>\n<\/figure>\n\n\n\n<p><\/p>\n\n\n\n<p>Le restaurant Isola Bella a fait appel \u00e0 l\u2019expertise de MAINGAUCHE pour ses<strong> polos manches courtes personnalis\u00e9s par la broderie<\/strong>. Ce polo refl\u00e8te parfaitement l\u2019image de marque qu\u2019Isola Bella veut se donner : un logo dor\u00e9 brod\u00e9 sur un fond noir, qui donne un aspect sobre et haut de gamme.<\/p>\n\n\n\n<p><\/p>\n\n\n\n<h3 class=\"wp-block-heading\"><em>Les&nbsp;Berthom et le polo personnalis\u00e9 en s\u00e9rigraphie<\/em><\/h3>\n\n\n\n<p><\/p>\n\n\n\n<figure class=\"wp-block-gallery has-nested-images columns-default is-cropped wp-block-gallery-2 is-layout-flex wp-block-gallery-is-layout-flex\">\n<figure class=\"wp-block-image size-large is-style-small-rounded\"><img loading=\"lazy\" decoding=\"async\" width=\"1024\" height=\"1024\" data-id=\"2611\" src=\"https:\/\/main-gauche.com\/blogs\/wp-content\/uploads\/2024\/05\/23-32886_berthom_polo_inspiration_1-1024x1024.webp\" alt=\"Polo personnalis\u00e9 pour le restaurant Les Berthom\" class=\"wp-image-2611\" srcset=\"https:\/\/b.main-gauche.com\/wp-content\/uploads\/2024\/05\/23-32886_berthom_polo_inspiration_1-1024x1024.webp 1024w, https:\/\/b.main-gauche.com\/wp-content\/uploads\/2024\/05\/23-32886_berthom_polo_inspiration_1-300x300.webp 300w, https:\/\/b.main-gauche.com\/wp-content\/uploads\/2024\/05\/23-32886_berthom_polo_inspiration_1-150x150.webp 150w, https:\/\/b.main-gauche.com\/wp-content\/uploads\/2024\/05\/23-32886_berthom_polo_inspiration_1-768x768.webp 768w, https:\/\/b.main-gauche.com\/wp-content\/uploads\/2024\/05\/23-32886_berthom_polo_inspiration_1-800x800.webp 800w, https:\/\/b.main-gauche.com\/wp-content\/uploads\/2024\/05\/23-32886_berthom_polo_inspiration_1-100x100.webp 100w, https:\/\/b.main-gauche.com\/wp-content\/uploads\/2024\/05\/23-32886_berthom_polo_inspiration_1-170x170.webp 170w, https:\/\/b.main-gauche.com\/wp-content\/uploads\/2024\/05\/23-32886_berthom_polo_inspiration_1.webp 1116w\" sizes=\"(max-width: 1024px) 100vw, 1024px\" \/><\/figure>\n\n\n\n<figure class=\"wp-block-image size-large is-style-small-rounded\"><img loading=\"lazy\" decoding=\"async\" width=\"1024\" height=\"1024\" data-id=\"2610\" src=\"https:\/\/main-gauche.com\/blogs\/wp-content\/uploads\/2024\/05\/23-32886_berthom_polo_zoom-1024x1024.webp\" alt=\"Polo personnalis\u00e9 en s\u00e9rigraphie\" class=\"wp-image-2610\" srcset=\"https:\/\/b.main-gauche.com\/wp-content\/uploads\/2024\/05\/23-32886_berthom_polo_zoom-1024x1024.webp 1024w, https:\/\/b.main-gauche.com\/wp-content\/uploads\/2024\/05\/23-32886_berthom_polo_zoom-300x300.webp 300w, https:\/\/b.main-gauche.com\/wp-content\/uploads\/2024\/05\/23-32886_berthom_polo_zoom-150x150.webp 150w, https:\/\/b.main-gauche.com\/wp-content\/uploads\/2024\/05\/23-32886_berthom_polo_zoom-768x768.webp 768w, https:\/\/b.main-gauche.com\/wp-content\/uploads\/2024\/05\/23-32886_berthom_polo_zoom-800x800.webp 800w, https:\/\/b.main-gauche.com\/wp-content\/uploads\/2024\/05\/23-32886_berthom_polo_zoom-100x100.webp 100w, https:\/\/b.main-gauche.com\/wp-content\/uploads\/2024\/05\/23-32886_berthom_polo_zoom-170x170.webp 170w, https:\/\/b.main-gauche.com\/wp-content\/uploads\/2024\/05\/23-32886_berthom_polo_zoom.webp 1116w\" sizes=\"(max-width: 1024px) 100vw, 1024px\" \/><\/figure>\n<\/figure>\n\n\n\n<p><\/p>\n\n\n\n<p>Le bar Les Berthom a fait confiance \u00e0 MAINGAUCHE pour ses<strong> polos personnalis\u00e9s par s\u00e9rigraphie<\/strong>. Ils ont r\u00e9ussi \u00e0 se d\u00e9marquer gr\u00e2ce \u00e0 un design fantaisiste et repr\u00e9sentatif de leur entreprise. Le rouge du polo fait parfaitement ressortir le slogan et le logo, pour que l\u2019\u00e9quipe soit bien reconnaissable des clients.<\/p>\n\n\n\n<p><\/p>\n\n\n\n<h3 class=\"wp-block-heading\"><em>O&rsquo;Tacos et le polo imprim\u00e9 personnalis\u00e9<\/em><\/h3>\n\n\n\n<p><\/p>\n\n\n\n<figure class=\"wp-block-gallery has-nested-images columns-default is-cropped wp-block-gallery-3 is-layout-flex wp-block-gallery-is-layout-flex\">\n<figure class=\"wp-block-image size-large is-style-small-rounded\"><img loading=\"lazy\" decoding=\"async\" width=\"1024\" height=\"1024\" data-id=\"2613\" src=\"https:\/\/main-gauche.com\/blogs\/wp-content\/uploads\/2024\/05\/24-3831_inspi1-1024x1024.webp\" alt=\"Polo personnalis\u00e9 pour le restaurant O'Tacos\" class=\"wp-image-2613\" srcset=\"https:\/\/b.main-gauche.com\/wp-content\/uploads\/2024\/05\/24-3831_inspi1-1024x1024.webp 1024w, https:\/\/b.main-gauche.com\/wp-content\/uploads\/2024\/05\/24-3831_inspi1-300x300.webp 300w, https:\/\/b.main-gauche.com\/wp-content\/uploads\/2024\/05\/24-3831_inspi1-150x150.webp 150w, https:\/\/b.main-gauche.com\/wp-content\/uploads\/2024\/05\/24-3831_inspi1-768x768.webp 768w, https:\/\/b.main-gauche.com\/wp-content\/uploads\/2024\/05\/24-3831_inspi1-800x800.webp 800w, https:\/\/b.main-gauche.com\/wp-content\/uploads\/2024\/05\/24-3831_inspi1-100x100.webp 100w, https:\/\/b.main-gauche.com\/wp-content\/uploads\/2024\/05\/24-3831_inspi1-170x170.webp 170w, https:\/\/b.main-gauche.com\/wp-content\/uploads\/2024\/05\/24-3831_inspi1.webp 1116w\" sizes=\"(max-width: 1024px) 100vw, 1024px\" \/><\/figure>\n\n\n\n<figure class=\"wp-block-image size-large is-style-small-rounded\"><img loading=\"lazy\" decoding=\"async\" width=\"1024\" height=\"1024\" data-id=\"2612\" src=\"https:\/\/main-gauche.com\/blogs\/wp-content\/uploads\/2024\/05\/24-3831_zoom-1024x1024.webp\" alt=\"Polo personnalis\u00e9 par la s\u00e9rigraphie\" class=\"wp-image-2612\" srcset=\"https:\/\/b.main-gauche.com\/wp-content\/uploads\/2024\/05\/24-3831_zoom-1024x1024.webp 1024w, https:\/\/b.main-gauche.com\/wp-content\/uploads\/2024\/05\/24-3831_zoom-300x300.webp 300w, https:\/\/b.main-gauche.com\/wp-content\/uploads\/2024\/05\/24-3831_zoom-150x150.webp 150w, https:\/\/b.main-gauche.com\/wp-content\/uploads\/2024\/05\/24-3831_zoom-768x768.webp 768w, https:\/\/b.main-gauche.com\/wp-content\/uploads\/2024\/05\/24-3831_zoom-800x800.webp 800w, https:\/\/b.main-gauche.com\/wp-content\/uploads\/2024\/05\/24-3831_zoom-100x100.webp 100w, https:\/\/b.main-gauche.com\/wp-content\/uploads\/2024\/05\/24-3831_zoom-170x170.webp 170w, https:\/\/b.main-gauche.com\/wp-content\/uploads\/2024\/05\/24-3831_zoom.webp 1116w\" sizes=\"(max-width: 1024px) 100vw, 1024px\" \/><\/figure>\n<\/figure>\n\n\n\n<p><\/p>\n\n\n\n<p>La cha\u00eene de restauration rapide O\u2019Tacos a confi\u00e9 \u00e0&nbsp;MAINGAUCHE la personnalisation de ses <strong>polos manches longues par s\u00e9rigraphie<\/strong>. Le logo et le texte orange ressortent parfaitement gr\u00e2ce au polo \u00e0 manches longues noir, ce qui lui donne une visibilit\u00e9 accrue. Un design id\u00e9al pour un service efficace et une entente parfaite entre les membres de l&rsquo;\u00e9quipe !<\/p>\n\n\n\n<p><\/p>\n\n\n\n<p>Vous avez r\u00e9fl\u00e9chi quant \u00e0 votre projet de personnalisation textile ? Vous avez des questions sur sa r\u00e9alisation ? Notre \u00e9quipe est disponible pour vous accompagner et vous guider tout au long de votre projet !<\/p>\n\n\n\n<p><\/p>\n\n\n\n<hr class=\"wp-block-separator has-alpha-channel-opacity\"\/>\n\n\n\n<p><\/p>\n\n\n\n<p>Vous souhaitez vous procurer des <strong>v\u00eatements personnalis\u00e9s <\/strong>pour votre restaurant ? N\u2019h\u00e9sitez pas \u00e0 nous contacter pour obtenir un devis et d\u00e9couvrir nos offres adapt\u00e9es \u00e0 vos besoins.<\/p>\n\n\n\n<p><\/p>\n\n\n\n\n\n<p><\/p>\n","protected":false},"excerpt":{"rendered":"<p>Bien qu&rsquo;il existe des tas de textiles personnalisables pour composer l&rsquo;uniforme de votre personnel, le polo personnalis\u00e9 pour restaurant est un incontournable.<\/p>\n","protected":false},"author":18,"featured_media":2614,"comment_status":"closed","ping_status":"closed","sticky":false,"template":"","format":"standard","meta":{"_yoast_wpseo_metadesc":"Marquez les esprits en salle comme en cuisine ! Le polo personnalis\u00e9 pour restaurant est un outil de fid\u00e9lisation. D\u00e9couvrez nos mod\u00e8les !","_monsterinsights_skip_tracking":false,"_monsterinsights_sitenote_active":false,"_monsterinsights_sitenote_note":"","_monsterinsights_sitenote_category":0,"site-sidebar-layout":"default","site-content-layout":"","ast-site-content-layout":"default","site-content-style":"default","site-sidebar-style":"default","ast-global-header-display":"","ast-banner-title-visibility":"","ast-main-header-display":"","ast-hfb-above-header-display":"","ast-hfb-below-header-display":"","ast-hfb-mobile-header-display":"","site-post-title":"","ast-breadcrumbs-content":"","ast-featured-img":"","footer-sml-layout":"","ast-disable-related-posts":"","theme-transparent-header-meta":"","adv-header-id-meta":"","stick-header-meta":"","header-above-stick-meta":"","header-main-stick-meta":"","header-below-stick-meta":"","astra-migrate-meta-layouts":"default","ast-page-background-enabled":"default","ast-page-background-meta":{"desktop":{"background-color":"","background-image":"","background-repeat":"repeat","background-position":"center center","background-size":"auto","background-attachment":"scroll","background-type":"","background-media":"","overlay-type":"","overlay-color":"","overlay-opacity":"","overlay-gradient":""},"tablet":{"background-color":"","background-image":"","background-repeat":"repeat","background-position":"center center","background-size":"auto","background-attachment":"scroll","background-type":"","background-media":"","overlay-type":"","overlay-color":"","overlay-opacity":"","overlay-gradient":""},"mobile":{"background-color":"","background-image":"","background-repeat":"repeat","background-position":"center center","background-size":"auto","background-attachment":"scroll","background-type":"","background-media":"","overlay-type":"","overlay-color":"","overlay-opacity":"","overlay-gradient":""}},"ast-content-background-meta":{"desktop":{"background-color":"var(--ast-global-color-5)","background-image":"","background-repeat":"repeat","background-position":"center center","background-size":"auto","background-attachment":"scroll","background-type":"","background-media":"","overlay-type":"","overlay-color":"","overlay-opacity":"","overlay-gradient":""},"tablet":{"background-color":"var(--ast-global-color-5)","background-image":"","background-repeat":"repeat","background-position":"center center","background-size":"auto","background-attachment":"scroll","background-type":"","background-media":"","overlay-type":"","overlay-color":"","overlay-opacity":"","overlay-gradient":""},"mobile":{"background-color":"var(--ast-global-color-5)","background-image":"","background-repeat":"repeat","background-position":"center center","background-size":"auto","background-attachment":"scroll","background-type":"","background-media":"","overlay-type":"","overlay-color":"","overlay-opacity":"","overlay-gradient":""}},"footnotes":""},"categories":[91],"tags":[113,104],"class_list":["post-2607","post","type-post","status-publish","format-standard","has-post-thumbnail","hentry","category-textiles","tag-horeca","tag-polos"],"yoast_head":"<!-- This site is optimized with the Yoast SEO plugin v27.5 - https:\/\/yoast.com\/product\/yoast-seo-wordpress\/ -->\n<title>Au menu du jour : le polo personnalis\u00e9 pour restaurant<\/title>\n<meta name=\"description\" content=\"Marquez les esprits en salle comme en cuisine ! Le polo personnalis\u00e9 pour restaurant est un outil de fid\u00e9lisation. D\u00e9couvrez nos mod\u00e8les !\" \/>\n<meta name=\"robots\" content=\"index, follow, max-snippet:-1, max-image-preview:large, max-video-preview:-1\" \/>\n<link rel=\"canonical\" href=\"https:\/\/b.main-gauche.com\/au-menu-du-jour-le-polo-personnalise-pour-restaurant\/\" \/>\n<meta property=\"og:locale\" content=\"fr_FR\" \/>\n<meta property=\"og:type\" content=\"article\" \/>\n<meta property=\"og:title\" content=\"Au menu du jour : le polo personnalis\u00e9 pour restaurant\" \/>\n<meta property=\"og:description\" content=\"Marquez les esprits en salle comme en cuisine ! Le polo personnalis\u00e9 pour restaurant est un outil de fid\u00e9lisation. D\u00e9couvrez nos mod\u00e8les !\" \/>\n<meta property=\"og:url\" content=\"https:\/\/b.main-gauche.com\/au-menu-du-jour-le-polo-personnalise-pour-restaurant\/\" \/>\n<meta property=\"og:site_name\" content=\"MAINGAUCHE - Le blog\" \/>\n<meta property=\"article:publisher\" content=\"https:\/\/www.facebook.com\/main.gauche.imprimeur\/?locale=fr_FR\" \/>\n<meta property=\"article:published_time\" content=\"2024-05-27T14:38:55+00:00\" \/>\n<meta property=\"article:modified_time\" content=\"2026-03-24T08:53:12+00:00\" \/>\n<meta property=\"og:image\" content=\"https:\/\/b.main-gauche.com\/wp-content\/uploads\/2024\/05\/HEADER-BLOG-3.webp\" \/>\n\t<meta property=\"og:image:width\" content=\"1900\" \/>\n\t<meta property=\"og:image:height\" content=\"1267\" \/>\n\t<meta property=\"og:image:type\" content=\"image\/webp\" \/>\n<meta name=\"author\" content=\"Ana\u00efs\" \/>\n<meta name=\"twitter:card\" content=\"summary_large_image\" \/>\n<meta name=\"twitter:label1\" content=\"\u00c9crit par\" \/>\n\t<meta name=\"twitter:data1\" content=\"Ana\u00efs\" \/>\n\t<meta name=\"twitter:label2\" content=\"Dur\u00e9e de lecture estim\u00e9e\" \/>\n\t<meta name=\"twitter:data2\" content=\"9 minutes\" \/>\n<script type=\"application\/ld+json\" class=\"yoast-schema-graph\">{\"@context\":\"https:\\\/\\\/schema.org\",\"@graph\":[{\"@type\":[\"Article\",\"BlogPosting\"],\"@id\":\"https:\\\/\\\/b.main-gauche.com\\\/au-menu-du-jour-le-polo-personnalise-pour-restaurant\\\/#article\",\"isPartOf\":{\"@id\":\"https:\\\/\\\/b.main-gauche.com\\\/au-menu-du-jour-le-polo-personnalise-pour-restaurant\\\/\"},\"author\":{\"name\":\"Ana\u00efs\",\"@id\":\"https:\\\/\\\/b.main-gauche.com\\\/#\\\/schema\\\/person\\\/c5308077be46ed0e56bc195c9bc66d14\"},\"headline\":\"Au menu du jour : le polo personnalis\u00e9 pour restaurant\",\"datePublished\":\"2024-05-27T14:38:55+00:00\",\"dateModified\":\"2026-03-24T08:53:12+00:00\",\"mainEntityOfPage\":{\"@id\":\"https:\\\/\\\/b.main-gauche.com\\\/au-menu-du-jour-le-polo-personnalise-pour-restaurant\\\/\"},\"wordCount\":1512,\"publisher\":{\"@id\":\"https:\\\/\\\/b.main-gauche.com\\\/#organization\"},\"image\":{\"@id\":\"https:\\\/\\\/b.main-gauche.com\\\/au-menu-du-jour-le-polo-personnalise-pour-restaurant\\\/#primaryimage\"},\"thumbnailUrl\":\"https:\\\/\\\/b.main-gauche.com\\\/wp-content\\\/uploads\\\/2024\\\/05\\\/HEADER-BLOG-3.webp\",\"keywords\":[\"HORECA\",\"Polos personnalisables\"],\"articleSection\":[\"Textiles\"],\"inLanguage\":\"fr-FR\"},{\"@type\":\"WebPage\",\"@id\":\"https:\\\/\\\/b.main-gauche.com\\\/au-menu-du-jour-le-polo-personnalise-pour-restaurant\\\/\",\"url\":\"https:\\\/\\\/b.main-gauche.com\\\/au-menu-du-jour-le-polo-personnalise-pour-restaurant\\\/\",\"name\":\"Au menu du jour : le polo personnalis\u00e9 pour restaurant\",\"isPartOf\":{\"@id\":\"https:\\\/\\\/b.main-gauche.com\\\/#website\"},\"primaryImageOfPage\":{\"@id\":\"https:\\\/\\\/b.main-gauche.com\\\/au-menu-du-jour-le-polo-personnalise-pour-restaurant\\\/#primaryimage\"},\"image\":{\"@id\":\"https:\\\/\\\/b.main-gauche.com\\\/au-menu-du-jour-le-polo-personnalise-pour-restaurant\\\/#primaryimage\"},\"thumbnailUrl\":\"https:\\\/\\\/b.main-gauche.com\\\/wp-content\\\/uploads\\\/2024\\\/05\\\/HEADER-BLOG-3.webp\",\"datePublished\":\"2024-05-27T14:38:55+00:00\",\"dateModified\":\"2026-03-24T08:53:12+00:00\",\"description\":\"Marquez les esprits en salle comme en cuisine ! Le polo personnalis\u00e9 pour restaurant est un outil de fid\u00e9lisation. D\u00e9couvrez nos mod\u00e8les !\",\"breadcrumb\":{\"@id\":\"https:\\\/\\\/b.main-gauche.com\\\/au-menu-du-jour-le-polo-personnalise-pour-restaurant\\\/#breadcrumb\"},\"inLanguage\":\"fr-FR\",\"potentialAction\":[{\"@type\":\"ReadAction\",\"target\":[\"https:\\\/\\\/b.main-gauche.com\\\/au-menu-du-jour-le-polo-personnalise-pour-restaurant\\\/\"]}]},{\"@type\":\"ImageObject\",\"inLanguage\":\"fr-FR\",\"@id\":\"https:\\\/\\\/b.main-gauche.com\\\/au-menu-du-jour-le-polo-personnalise-pour-restaurant\\\/#primaryimage\",\"url\":\"https:\\\/\\\/b.main-gauche.com\\\/wp-content\\\/uploads\\\/2024\\\/05\\\/HEADER-BLOG-3.webp\",\"contentUrl\":\"https:\\\/\\\/b.main-gauche.com\\\/wp-content\\\/uploads\\\/2024\\\/05\\\/HEADER-BLOG-3.webp\",\"width\":1900,\"height\":1267,\"caption\":\"Polo personnalis\u00e9 restaurant\"},{\"@type\":\"BreadcrumbList\",\"@id\":\"https:\\\/\\\/b.main-gauche.com\\\/au-menu-du-jour-le-polo-personnalise-pour-restaurant\\\/#breadcrumb\",\"itemListElement\":[{\"@type\":\"ListItem\",\"position\":1,\"name\":\"Accueil\",\"item\":\"https:\\\/\\\/b.main-gauche.com\\\/\"},{\"@type\":\"ListItem\",\"position\":2,\"name\":\"Au menu du jour : le polo personnalis\u00e9 pour restaurant\"}]},{\"@type\":\"WebSite\",\"@id\":\"https:\\\/\\\/b.main-gauche.com\\\/#website\",\"url\":\"https:\\\/\\\/b.main-gauche.com\\\/\",\"name\":\"MAINGAUCHE - Le blog\",\"description\":\"\",\"publisher\":{\"@id\":\"https:\\\/\\\/b.main-gauche.com\\\/#organization\"},\"potentialAction\":[{\"@type\":\"SearchAction\",\"target\":{\"@type\":\"EntryPoint\",\"urlTemplate\":\"https:\\\/\\\/b.main-gauche.com\\\/?s={search_term_string}\"},\"query-input\":{\"@type\":\"PropertyValueSpecification\",\"valueRequired\":true,\"valueName\":\"search_term_string\"}}],\"inLanguage\":\"fr-FR\"},{\"@type\":\"Organization\",\"@id\":\"https:\\\/\\\/b.main-gauche.com\\\/#organization\",\"name\":\"MAINGAUCHE\",\"url\":\"https:\\\/\\\/b.main-gauche.com\\\/\",\"logo\":{\"@type\":\"ImageObject\",\"inLanguage\":\"fr-FR\",\"@id\":\"https:\\\/\\\/b.main-gauche.com\\\/#\\\/schema\\\/logo\\\/image\\\/\",\"url\":\"https:\\\/\\\/b.main-gauche.com\\\/wp-content\\\/uploads\\\/2025\\\/12\\\/logo-website-maingauche.svg\",\"contentUrl\":\"https:\\\/\\\/b.main-gauche.com\\\/wp-content\\\/uploads\\\/2025\\\/12\\\/logo-website-maingauche.svg\",\"width\":180,\"height\":60,\"caption\":\"MAINGAUCHE\"},\"image\":{\"@id\":\"https:\\\/\\\/b.main-gauche.com\\\/#\\\/schema\\\/logo\\\/image\\\/\"},\"sameAs\":[\"https:\\\/\\\/www.facebook.com\\\/main.gauche.imprimeur\\\/?locale=fr_FR\",\"https:\\\/\\\/www.instagram.com\\\/main_gauche_imprimeur\\\/\"]},{\"@type\":\"Person\",\"@id\":\"https:\\\/\\\/b.main-gauche.com\\\/#\\\/schema\\\/person\\\/c5308077be46ed0e56bc195c9bc66d14\",\"name\":\"Ana\u00efs\",\"image\":{\"@type\":\"ImageObject\",\"inLanguage\":\"fr-FR\",\"@id\":\"https:\\\/\\\/secure.gravatar.com\\\/avatar\\\/40a2b1c0a711fb858aaf07d29a3ba696f6b33f500bac8ced2619bbc01e1ec1d0?s=96&d=mm&r=g\",\"url\":\"https:\\\/\\\/secure.gravatar.com\\\/avatar\\\/40a2b1c0a711fb858aaf07d29a3ba696f6b33f500bac8ced2619bbc01e1ec1d0?s=96&d=mm&r=g\",\"contentUrl\":\"https:\\\/\\\/secure.gravatar.com\\\/avatar\\\/40a2b1c0a711fb858aaf07d29a3ba696f6b33f500bac8ced2619bbc01e1ec1d0?s=96&d=mm&r=g\",\"caption\":\"Ana\u00efs\"},\"description\":\"Je suis Ana\u00efs, cr\u00e9atrice de contenus chez MAINGAUCHE. Je mets \u00e0 profit mon expertise pour inspirer et faciliter la r\u00e9alisation de vos ambitions textiles. \u00c0 travers mes articles, je m'efforce de valoriser les meilleures pratiques du secteur, en offrant des conseils pratiques et des perspectives innovantes pour transformer vos id\u00e9es en projets r\u00e9ussis.\",\"url\":\"https:\\\/\\\/b.main-gauche.com\\\/author\\\/anais-vicente\\\/\"}]}<\/script>\n<!-- \/ Yoast SEO plugin. -->","yoast_head_json":{"title":"Au menu du jour : le polo personnalis\u00e9 pour restaurant","description":"Marquez les esprits en salle comme en cuisine ! Le polo personnalis\u00e9 pour restaurant est un outil de fid\u00e9lisation. D\u00e9couvrez nos mod\u00e8les !","robots":{"index":"index","follow":"follow","max-snippet":"max-snippet:-1","max-image-preview":"max-image-preview:large","max-video-preview":"max-video-preview:-1"},"canonical":"https:\/\/b.main-gauche.com\/au-menu-du-jour-le-polo-personnalise-pour-restaurant\/","og_locale":"fr_FR","og_type":"article","og_title":"Au menu du jour : le polo personnalis\u00e9 pour restaurant","og_description":"Marquez les esprits en salle comme en cuisine ! Le polo personnalis\u00e9 pour restaurant est un outil de fid\u00e9lisation. D\u00e9couvrez nos mod\u00e8les !","og_url":"https:\/\/b.main-gauche.com\/au-menu-du-jour-le-polo-personnalise-pour-restaurant\/","og_site_name":"MAINGAUCHE - Le blog","article_publisher":"https:\/\/www.facebook.com\/main.gauche.imprimeur\/?locale=fr_FR","article_published_time":"2024-05-27T14:38:55+00:00","article_modified_time":"2026-03-24T08:53:12+00:00","og_image":[{"width":1900,"height":1267,"url":"https:\/\/b.main-gauche.com\/wp-content\/uploads\/2024\/05\/HEADER-BLOG-3.webp","type":"image\/webp"}],"author":"Ana\u00efs","twitter_card":"summary_large_image","twitter_misc":{"\u00c9crit par":"Ana\u00efs","Dur\u00e9e de lecture estim\u00e9e":"9 minutes"},"schema":{"@context":"https:\/\/schema.org","@graph":[{"@type":["Article","BlogPosting"],"@id":"https:\/\/b.main-gauche.com\/au-menu-du-jour-le-polo-personnalise-pour-restaurant\/#article","isPartOf":{"@id":"https:\/\/b.main-gauche.com\/au-menu-du-jour-le-polo-personnalise-pour-restaurant\/"},"author":{"name":"Ana\u00efs","@id":"https:\/\/b.main-gauche.com\/#\/schema\/person\/c5308077be46ed0e56bc195c9bc66d14"},"headline":"Au menu du jour : le polo personnalis\u00e9 pour restaurant","datePublished":"2024-05-27T14:38:55+00:00","dateModified":"2026-03-24T08:53:12+00:00","mainEntityOfPage":{"@id":"https:\/\/b.main-gauche.com\/au-menu-du-jour-le-polo-personnalise-pour-restaurant\/"},"wordCount":1512,"publisher":{"@id":"https:\/\/b.main-gauche.com\/#organization"},"image":{"@id":"https:\/\/b.main-gauche.com\/au-menu-du-jour-le-polo-personnalise-pour-restaurant\/#primaryimage"},"thumbnailUrl":"https:\/\/b.main-gauche.com\/wp-content\/uploads\/2024\/05\/HEADER-BLOG-3.webp","keywords":["HORECA","Polos personnalisables"],"articleSection":["Textiles"],"inLanguage":"fr-FR"},{"@type":"WebPage","@id":"https:\/\/b.main-gauche.com\/au-menu-du-jour-le-polo-personnalise-pour-restaurant\/","url":"https:\/\/b.main-gauche.com\/au-menu-du-jour-le-polo-personnalise-pour-restaurant\/","name":"Au menu du jour : le polo personnalis\u00e9 pour restaurant","isPartOf":{"@id":"https:\/\/b.main-gauche.com\/#website"},"primaryImageOfPage":{"@id":"https:\/\/b.main-gauche.com\/au-menu-du-jour-le-polo-personnalise-pour-restaurant\/#primaryimage"},"image":{"@id":"https:\/\/b.main-gauche.com\/au-menu-du-jour-le-polo-personnalise-pour-restaurant\/#primaryimage"},"thumbnailUrl":"https:\/\/b.main-gauche.com\/wp-content\/uploads\/2024\/05\/HEADER-BLOG-3.webp","datePublished":"2024-05-27T14:38:55+00:00","dateModified":"2026-03-24T08:53:12+00:00","description":"Marquez les esprits en salle comme en cuisine ! Le polo personnalis\u00e9 pour restaurant est un outil de fid\u00e9lisation. D\u00e9couvrez nos mod\u00e8les !","breadcrumb":{"@id":"https:\/\/b.main-gauche.com\/au-menu-du-jour-le-polo-personnalise-pour-restaurant\/#breadcrumb"},"inLanguage":"fr-FR","potentialAction":[{"@type":"ReadAction","target":["https:\/\/b.main-gauche.com\/au-menu-du-jour-le-polo-personnalise-pour-restaurant\/"]}]},{"@type":"ImageObject","inLanguage":"fr-FR","@id":"https:\/\/b.main-gauche.com\/au-menu-du-jour-le-polo-personnalise-pour-restaurant\/#primaryimage","url":"https:\/\/b.main-gauche.com\/wp-content\/uploads\/2024\/05\/HEADER-BLOG-3.webp","contentUrl":"https:\/\/b.main-gauche.com\/wp-content\/uploads\/2024\/05\/HEADER-BLOG-3.webp","width":1900,"height":1267,"caption":"Polo personnalis\u00e9 restaurant"},{"@type":"BreadcrumbList","@id":"https:\/\/b.main-gauche.com\/au-menu-du-jour-le-polo-personnalise-pour-restaurant\/#breadcrumb","itemListElement":[{"@type":"ListItem","position":1,"name":"Accueil","item":"https:\/\/b.main-gauche.com\/"},{"@type":"ListItem","position":2,"name":"Au menu du jour : le polo personnalis\u00e9 pour restaurant"}]},{"@type":"WebSite","@id":"https:\/\/b.main-gauche.com\/#website","url":"https:\/\/b.main-gauche.com\/","name":"MAINGAUCHE - Le blog","description":"","publisher":{"@id":"https:\/\/b.main-gauche.com\/#organization"},"potentialAction":[{"@type":"SearchAction","target":{"@type":"EntryPoint","urlTemplate":"https:\/\/b.main-gauche.com\/?s={search_term_string}"},"query-input":{"@type":"PropertyValueSpecification","valueRequired":true,"valueName":"search_term_string"}}],"inLanguage":"fr-FR"},{"@type":"Organization","@id":"https:\/\/b.main-gauche.com\/#organization","name":"MAINGAUCHE","url":"https:\/\/b.main-gauche.com\/","logo":{"@type":"ImageObject","inLanguage":"fr-FR","@id":"https:\/\/b.main-gauche.com\/#\/schema\/logo\/image\/","url":"https:\/\/b.main-gauche.com\/wp-content\/uploads\/2025\/12\/logo-website-maingauche.svg","contentUrl":"https:\/\/b.main-gauche.com\/wp-content\/uploads\/2025\/12\/logo-website-maingauche.svg","width":180,"height":60,"caption":"MAINGAUCHE"},"image":{"@id":"https:\/\/b.main-gauche.com\/#\/schema\/logo\/image\/"},"sameAs":["https:\/\/www.facebook.com\/main.gauche.imprimeur\/?locale=fr_FR","https:\/\/www.instagram.com\/main_gauche_imprimeur\/"]},{"@type":"Person","@id":"https:\/\/b.main-gauche.com\/#\/schema\/person\/c5308077be46ed0e56bc195c9bc66d14","name":"Ana\u00efs","image":{"@type":"ImageObject","inLanguage":"fr-FR","@id":"https:\/\/secure.gravatar.com\/avatar\/40a2b1c0a711fb858aaf07d29a3ba696f6b33f500bac8ced2619bbc01e1ec1d0?s=96&d=mm&r=g","url":"https:\/\/secure.gravatar.com\/avatar\/40a2b1c0a711fb858aaf07d29a3ba696f6b33f500bac8ced2619bbc01e1ec1d0?s=96&d=mm&r=g","contentUrl":"https:\/\/secure.gravatar.com\/avatar\/40a2b1c0a711fb858aaf07d29a3ba696f6b33f500bac8ced2619bbc01e1ec1d0?s=96&d=mm&r=g","caption":"Ana\u00efs"},"description":"Je suis Ana\u00efs, cr\u00e9atrice de contenus chez MAINGAUCHE. Je mets \u00e0 profit mon expertise pour inspirer et faciliter la r\u00e9alisation de vos ambitions textiles. \u00c0 travers mes articles, je m'efforce de valoriser les meilleures pratiques du secteur, en offrant des conseils pratiques et des perspectives innovantes pour transformer vos id\u00e9es en projets r\u00e9ussis.","url":"https:\/\/b.main-gauche.com\/author\/anais-vicente\/"}]}},"_links":{"self":[{"href":"https:\/\/b.main-gauche.com\/wp-json\/wp\/v2\/posts\/2607","targetHints":{"allow":["GET"]}}],"collection":[{"href":"https:\/\/b.main-gauche.com\/wp-json\/wp\/v2\/posts"}],"about":[{"href":"https:\/\/b.main-gauche.com\/wp-json\/wp\/v2\/types\/post"}],"author":[{"embeddable":true,"href":"https:\/\/b.main-gauche.com\/wp-json\/wp\/v2\/users\/18"}],"replies":[{"embeddable":true,"href":"https:\/\/b.main-gauche.com\/wp-json\/wp\/v2\/comments?post=2607"}],"version-history":[{"count":14,"href":"https:\/\/b.main-gauche.com\/wp-json\/wp\/v2\/posts\/2607\/revisions"}],"predecessor-version":[{"id":7656,"href":"https:\/\/b.main-gauche.com\/wp-json\/wp\/v2\/posts\/2607\/revisions\/7656"}],"wp:featuredmedia":[{"embeddable":true,"href":"https:\/\/b.main-gauche.com\/wp-json\/wp\/v2\/media\/2614"}],"wp:attachment":[{"href":"https:\/\/b.main-gauche.com\/wp-json\/wp\/v2\/media?parent=2607"}],"wp:term":[{"taxonomy":"category","embeddable":true,"href":"https:\/\/b.main-gauche.com\/wp-json\/wp\/v2\/categories?post=2607"},{"taxonomy":"post_tag","embeddable":true,"href":"https:\/\/b.main-gauche.com\/wp-json\/wp\/v2\/tags?post=2607"}],"curies":[{"name":"wp","href":"https:\/\/api.w.org\/{rel}","templated":true}]}}