{"id":2332,"date":"2025-08-05T12:53:35","date_gmt":"2025-08-05T11:53:35","guid":{"rendered":"https:\/\/blog.main-gauche.com\/?p=2332"},"modified":"2026-03-24T09:55:52","modified_gmt":"2026-03-24T08:55:52","slug":"creer-sa-marque-de-vetements-en-6-etapes","status":"publish","type":"post","link":"https:\/\/b.main-gauche.com\/creer-sa-marque-de-vetements-en-6-etapes\/","title":{"rendered":"Comment cr\u00e9er sa marque de v\u00eatements en 2026"},"content":{"rendered":"\n<p>Un fran\u00e7ais sur 3 \u00e2g\u00e9 de moins de 30 ans a l\u2019intention de cr\u00e9er une entreprise. Dans ces intentions, la <strong>cr\u00e9ation d\u2019une marque de v\u00eatements<\/strong> ou d\u2019accessoires personnalis\u00e9s est tr\u00e8s bien plac\u00e9e. Pour autant, la cr\u00e9ation d&rsquo;un concept, quel qu&rsquo;il soit, n\u2019est pas \u00e0 prendre \u00e0 la l\u00e9g\u00e8re. Vous \u00eates tent\u00e9 par l&rsquo;<strong>entrepreneuriat<\/strong> ? Mais vous vous demandez comment trouver un march\u00e9 ? De quelle mani\u00e8re produire vos textiles ? Quelle technique de marquage choisir ? Comment faire <a href=\"https:\/\/main-gauche.com\/blogs\/comment-faire-connaitre-sa-marque-en-2025\">conna\u00eetre sa marque de v\u00eatements<\/a> ? MAINGAUCHE, qui accompagne des entrepreneurs du textile depuis presque 18 ans, vous livre les 6 \u00e9tapes \u00e0 respecter pour le<strong> lancement de votre marque de textile<\/strong>.<\/p>\n\n\n\n<figure class=\"wp-block-table\"><table class=\"has-ast-global-color-4-background-color has-background has-fixed-layout\"><tbody><tr><td><strong>Les diff\u00e9rentes \u00e9tapes de la cr\u00e9ation d&rsquo;une marque de v\u00eatements :<br><\/strong>&#8211; Faire une <strong>\u00e9tude de march\u00e9<\/strong><br>&#8211; D\u00e9finir l&rsquo;<strong>identit\u00e9 de la marque<\/strong><br>&#8211; Trouver le <strong>nom<\/strong>, cr\u00e9er l&rsquo;i<strong>dentit\u00e9 visuelle<\/strong><br>&#8211; Cr\u00e9er un <strong>business plan<\/strong> (objectifs \u00e0 court et long terme, plan financier&#8230;)<br>&#8211; Choisir un<strong> statut juridique<\/strong><br>&#8211; <strong>Designer les<\/strong> <strong>v\u00eatements <\/strong>et accessoires<br>&#8211; Pr\u00e9voir toute la<strong> logistique<\/strong> et la <strong>production<\/strong><br>&#8211; D\u00e9finir les <strong>canaux de vente<\/strong><br>&#8211; Mettre en place une <strong>strat\u00e9gie de marketing\/communication<\/strong><\/td><\/tr><\/tbody><\/table><\/figure>\n\n\n\n<p><\/p>\n\n\n\n<hr class=\"wp-block-separator has-alpha-channel-opacity\"\/>\n\n\n\n<p><\/p>\n\n\n\n<h3 class=\"wp-block-heading\"><strong>Vous cherchez un fournisseur de textiles personnalis\u00e9s ?<\/strong><\/h3>\n\n\n\n<figure class=\"wp-block-embed is-type-video is-provider-youtube wp-block-embed-youtube wp-embed-aspect-16-9 wp-has-aspect-ratio\"><div class=\"wp-block-embed__wrapper\">\n<iframe title=\"Marquage textile en France : visite de notre atelier de personnalisation MAINGAUCHE\" width=\"500\" height=\"281\" src=\"https:\/\/www.youtube.com\/embed\/Xb6apz6T7SU?feature=oembed\" frameborder=\"0\" allow=\"accelerometer; autoplay; clipboard-write; encrypted-media; gyroscope; picture-in-picture; web-share\" referrerpolicy=\"strict-origin-when-cross-origin\" allowfullscreen><\/iframe>\n<\/div><figcaption class=\"wp-element-caption\"><em>Visite de notre atelier de personnalisation textile MAINGAUCHE<\/em><\/figcaption><\/figure>\n\n\n\n<p>N&rsquo;h\u00e9sitez pas \u00e0 faire appel \u00e0 nos experts, qui sauront vous conseiller au mieux selon vos besoins, en demandant votre <strong>devis gratuit <\/strong>via notre site Internet, ou directement par mail \u00e0 l&rsquo;adresse <a href=\"mailto:contact@main-gauche.com\" target=\"_blank\" rel=\"noreferrer noopener nofollow\">contact@main-gauche.com<\/a> !<\/p>\n\n\n\n<div class=\"wp-block-buttons is-content-justification-center is-layout-flex wp-container-core-buttons-is-layout-a89b3969 wp-block-buttons-is-layout-flex\">\n<div class=\"wp-block-button\"><a class=\"wp-block-button__link wp-element-button\" href=\"https:\/\/main-gauche.com\/contactez-nous\" target=\"_blank\" rel=\"noreferrer noopener\">Contactez nos experts MAINGAUCHE<\/a><\/div>\n<\/div>\n\n\n\n<p><\/p>\n\n\n\n<hr class=\"wp-block-separator has-alpha-channel-opacity\"\/>\n\n\n\n<p><\/p>\n\n\n\n<figure class=\"wp-block-table\"><table class=\"has-ast-global-color-4-background-color has-background has-fixed-layout\"><tbody><tr><td><strong>Sommaire :<\/strong><br><br>1. <a href=\"#creation\">Comment cr\u00e9er sa marque de v\u00eatements ?<\/a><br>2. <a href=\"#production\">Comment g\u00e9rer la production de v\u00eatements et accessoires ?<\/a><br>3. <a href=\"#reglementation\">Les r\u00e9glementations pour cr\u00e9er une marque de v\u00eatements<\/a><br>4. <a href=\"#financement\">Financer le lancement de votre marque<\/a><br>5. <a href=\"#vente\">Proposer sa ligne de v\u00eatements \u00e0 la vente<\/a><br>6. <a href=\"#communiquer\">Communiquer sur votre nouvelle marque de v\u00eatements<\/a><\/td><\/tr><\/tbody><\/table><\/figure>\n\n\n\n<p><\/p>\n\n\n\n<h2 class=\"wp-block-heading\" id=\"creation\">1. Comment cr\u00e9er sa marque de v\u00eatements ?<\/h2>\n\n\n\n<p><\/p>\n\n\n\n<p>Imaginer et cr\u00e9er sa marque : c&rsquo;est la premi\u00e8re \u00e9tape. Elle est souvent la plus rapide \u00e0 arriver dans la t\u00eate du cr\u00e9ateur de marque. Mais c\u2019est l\u2019\u00e9tape critique de tout votre projet, car c&rsquo;est l\u00e0 que tout se joue ! Il faut imaginer une marque qui se diff\u00e9rencie, et qui vous repr\u00e9sente.<\/p>\n\n\n\n<p><\/p>\n\n\n\n<h3 class=\"wp-block-heading\"><em>D\u00e9finir le segment de march\u00e9 \u00e0 viser<\/em><\/h3>\n\n\n\n<p><\/p>\n\n\n\n<p><strong>Textiles pour personnes \u00e2g\u00e9es<\/strong>, <strong>accessoires pour b\u00e9b\u00e9s<\/strong>, <strong>v\u00eatements pour hommes ou pour femmes<\/strong>\u2026 Il vous faut dans un premier temps <strong>cibler un segment<\/strong>. <\/p>\n\n\n\n<p>Vous vous doutez bien qu&rsquo;il est impossible d\u2019adresser votre marque \u00e0 tout le monde et d\u2019offrir une collection compl\u00e8te sans d\u00e9penser des millions.<\/p>\n\n\n\n<p><\/p>\n\n\n\n<hr class=\"wp-block-separator has-alpha-channel-opacity\"\/>\n\n\n\n<h3 class=\"wp-block-heading\"><strong>Vous \u00eates \u00e0 la recherche d&rsquo;un peu d&rsquo;inspiration pour cr\u00e9er votre marque ? <\/strong><\/h3>\n\n\n\n<p>Venez voir l&rsquo;ensemble des <strong>r\u00e9alisations pour nos clients MAINGAUCHE<\/strong> : cela pourrait vous donner des id\u00e9es !<\/p>\n\n\n\n<p><\/p>\n\n\n\n<div class=\"wp-block-buttons is-content-justification-center is-layout-flex wp-container-core-buttons-is-layout-a89b3969 wp-block-buttons-is-layout-flex\">\n<div class=\"wp-block-button\"><a class=\"wp-block-button__link wp-element-button\" href=\"https:\/\/main-gauche.com\/inspirations\" target=\"_blank\" rel=\"noreferrer noopener\">Nos r\u00e9alisations clients MAINGAUCHE<\/a><\/div>\n<\/div>\n\n\n\n<p><\/p>\n\n\n\n<hr class=\"wp-block-separator has-alpha-channel-opacity\"\/>\n\n\n\n<p><\/p>\n\n\n\n<p>Pour choisir votre cible, vous pouvez diviser le march\u00e9 en segments gr\u00e2ce \u00e0 diff\u00e9rents crit\u00e8res. Cela peut \u00eatre des <strong>crit\u00e8res g\u00e9ographiques, d\u00e9mographiques, psychographiques<\/strong> (personnalit\u00e9 et valeurs de vos prospects), ou encore <strong>comportementaux <\/strong>(leurs habitudes d&rsquo;achat).<\/p>\n\n\n\n<p>A partir de ces informations, demandez-vous ce que sont les besoins et\/ou probl\u00e8mes rencontr\u00e9s par votre cible. Par exemple, votre public cible peut avoir besoin de <a href=\"https:\/\/main-gauche.com\/personnaliser\/sweats\" target=\"_blank\" rel=\"noreferrer noopener\">sweats publicitaires<\/a> r\u00e9sistants au lavage, de tissus respirants ou hypoallerg\u00e9niques, ou peut rencontrer des difficult\u00e9s \u00e0 trouver des styles sp\u00e9cifiques (par exemple, boh\u00e8me ou minimaliste). <strong>Vous devez \u00eatre LA solution \u00e0 leur probl\u00e9matique<\/strong>.<\/p>\n\n\n\n<p><\/p>\n\n\n\n<h3 class=\"wp-block-heading\"><em>D\u00e9finissez les valeurs de votre marque<\/em><\/h3>\n\n\n\n<p><\/p>\n\n\n\n<p>Cette \u00e9tape doit commencer par l\u2019identification des valeurs de votre entreprise. Ces valeurs pourront vous aider pour trouver le&nbsp;<strong>nom <\/strong>de votre marque, les<strong> couleurs fortes <\/strong>et votre <strong>positionnement<\/strong>. Par exemple, si vous partagez des valeurs \u00e9cologiques, vous ne choisirez pas de cr\u00e9er une marque de <a href=\"https:\/\/main-gauche.com\/personnaliser\/tote-bags\" target=\"_blank\" rel=\"noreferrer noopener\">sacs en coton personnalis\u00e9s<\/a> en masse qui utilise des encres avec des solvants.<\/p>\n\n\n\n<p>Afin de d\u00e9finir correctement les<strong> valeurs de votre marque<\/strong>, r\u00e9fl\u00e9chissez \u00e0 la mission ainsi qu&rsquo;\u00e0 la vision de cette derni\u00e8re. Pourquoi l&rsquo;avez-vous cr\u00e9\u00e9e ? Quelle <strong>valeur ajout\u00e9e<\/strong> aimeriez vous apporter sur le march\u00e9 ? Quelle est l&rsquo;image que vous souhaiteriez que vos clients aient de votre entreprise ? R\u00e9pondre \u00e0 ces diff\u00e9rentes questions vous permettra d&rsquo;aligner vos valeurs avec la raison d&rsquo;\u00eatre de votre marque.<\/p>\n\n\n\n<p><\/p>\n\n\n\n<p>Ces valeurs sont tr\u00e8s importantes. Elles vous aideront \u00e0 b\u00e2tir votre <strong>strat\u00e9gie de communication<\/strong>, autant interne qu&rsquo;externe. N&rsquo;oubliez donc pas de les int\u00e9grer dans votre<strong> culture d&rsquo;entreprise<\/strong> ! Bien entendu, il est aussi important que ces valeurs soient authentiques et refl\u00e8tent la r\u00e9alit\u00e9 de votre marque. Vous m\u00e8nerez par la suite des actions concr\u00e8tes et sinc\u00e8res, et votre client\u00e8le cible le ressentira.<\/p>\n\n\n\n<p><\/p>\n\n\n\n<h3 class=\"wp-block-heading\"><em>Faites simple !<\/em><\/h3>\n\n\n\n<p><\/p>\n\n\n\n<p>Un concept fort ne repose pas n\u00e9cessairement sur une \u00e9quation complexe. Des produits simples, une vision claire et des valeurs fortes suffiront \u00e0 pr\u00e9senter un concept et \u00e0 s\u00e9duire des clients qui porteront fi\u00e8rement vos v\u00eatements. C&rsquo;est ce qu&rsquo;a r\u00e9alis\u00e9 avec brio la marque<strong> <em>OETA <\/em><\/strong>en faisant personnaliser des <a href=\"https:\/\/main-gauche.com\/personnaliser\/t-shirts\">tee shirts \u00e0 manches courtes<\/a> avec des designs simples mais efficaces, en accord avec l&rsquo;image contemporaine et minimaliste qu&rsquo;elle renvoie.<\/p>\n\n\n\n<p><\/p>\n\n\n\n<figure class=\"wp-block-gallery has-nested-images columns-default is-cropped wp-block-gallery-1 is-layout-flex wp-block-gallery-is-layout-flex\">\n<figure class=\"wp-block-image size-large\"><img fetchpriority=\"high\" decoding=\"async\" width=\"1080\" height=\"1080\" data-id=\"5398\" src=\"https:\/\/main-gauche.com\/blogs\/wp-content\/uploads\/2024\/09\/oeta1-edited.webp\" alt=\"Cr\u00e9ation de t-shirts personnalis\u00e9s pour une marque de v\u00eatements\" class=\"wp-image-5398\" srcset=\"https:\/\/b.main-gauche.com\/wp-content\/uploads\/2024\/09\/oeta1-edited.webp 1080w, https:\/\/b.main-gauche.com\/wp-content\/uploads\/2024\/09\/oeta1-edited-300x300.webp 300w, https:\/\/b.main-gauche.com\/wp-content\/uploads\/2024\/09\/oeta1-edited-1024x1024.webp 1024w, https:\/\/b.main-gauche.com\/wp-content\/uploads\/2024\/09\/oeta1-edited-150x150.webp 150w, https:\/\/b.main-gauche.com\/wp-content\/uploads\/2024\/09\/oeta1-edited-768x768.webp 768w, https:\/\/b.main-gauche.com\/wp-content\/uploads\/2024\/09\/oeta1-edited-800x800.webp 800w, https:\/\/b.main-gauche.com\/wp-content\/uploads\/2024\/09\/oeta1-edited-100x100.webp 100w, https:\/\/b.main-gauche.com\/wp-content\/uploads\/2024\/09\/oeta1-edited-170x170.webp 170w\" sizes=\"(max-width: 1080px) 100vw, 1080px\" \/><\/figure>\n\n\n\n<figure class=\"wp-block-image size-large\"><img decoding=\"async\" width=\"1024\" height=\"1024\" data-id=\"5397\" src=\"https:\/\/main-gauche.com\/blogs\/wp-content\/uploads\/2020\/10\/oeta2-1024x1024.webp\" alt=\"T-shirt Creator de Stanley\/Stella couleur natural personnalis\u00e9 en impression num\u00e9rique pos\u00e9 sur un rocher\" class=\"wp-image-5397\" srcset=\"https:\/\/b.main-gauche.com\/wp-content\/uploads\/2020\/10\/oeta2-1024x1024.webp 1024w, https:\/\/b.main-gauche.com\/wp-content\/uploads\/2020\/10\/oeta2-300x300.webp 300w, https:\/\/b.main-gauche.com\/wp-content\/uploads\/2020\/10\/oeta2-150x150.webp 150w, https:\/\/b.main-gauche.com\/wp-content\/uploads\/2020\/10\/oeta2-768x768.webp 768w, https:\/\/b.main-gauche.com\/wp-content\/uploads\/2020\/10\/oeta2-800x800.webp 800w, https:\/\/b.main-gauche.com\/wp-content\/uploads\/2020\/10\/oeta2-100x100.webp 100w, https:\/\/b.main-gauche.com\/wp-content\/uploads\/2020\/10\/oeta2-170x170.webp 170w, https:\/\/b.main-gauche.com\/wp-content\/uploads\/2020\/10\/oeta2.webp 1440w\" sizes=\"(max-width: 1024px) 100vw, 1024px\" \/><\/figure>\n<\/figure>\n\n\n\n<p><\/p>\n\n\n\n<h3 class=\"wp-block-heading\"><em>D\u00e9finissez votre identit\u00e9 de marque<\/em><\/h3>\n\n\n\n<p><\/p>\n\n\n\n<p>L\u2019<strong>identit\u00e9 de marque<\/strong> vous servira de fondation pour votre projet global. Elle repose sur des \u00e9l\u00e9ments tangibles (<strong>comme le design<\/strong>) et intangibles (<strong>valeurs, \u00e9motions transmises<\/strong>). Une fois votre identit\u00e9 de marque d\u00e9finie, vous pourrez vous servir de ces \u00e9l\u00e9ments pour construire l&rsquo;ensemble de votre strat\u00e9gie dans votre business plan (qui viendra juste apr\u00e8s !).<\/p>\n\n\n\n<p><\/p>\n\n\n\n<h4 class=\"wp-block-heading\"><strong>Les \u00e9l\u00e9ments pour une identit\u00e9 de marque coh\u00e9rente<\/strong><\/h4>\n\n\n\n<p><\/p>\n\n\n\n<figure class=\"wp-block-table .mon-tableau td:first-child, th:first-child {  width: 30%; } td:nth-child(2), th:nth-child(2) 70%;\"><table class=\"has-ast-global-color-4-background-color has-background has-fixed-layout\"><tbody><tr><td><strong>Charte graphique<\/strong><\/td><td>Cr\u00e9ez votre logo, choisissez une palette de couleurs coh\u00e9rente (<em>limitez le nombre de couleurs principales \u00e0 4 pour \u00e9viter la surcharge<\/em>) et des typographies accord\u00e9es (<em>maximum 3 polices diff\u00e9rentes<\/em>). Votre charte graphique doit \u00eatre en accord avec vos valeurs, votre mission, votre positionnement et doit convenir \u00e0 votre public cible.<\/td><\/tr><tr><td><strong>Positionnement de marque<\/strong><\/td><td>Apr\u00e8s avoir identifi\u00e9 votre public cible, d\u00e9terminez comment vous souhaitez \u00eatre per\u00e7u par ce dernier (accessible, haut de gamme, \u00e9coresponsable, etc.).<\/td><\/tr><tr><td><strong>Guide de style<\/strong><\/td><td>D\u00e9taillez le ton de vos communications, les visuels que vous utiliserez et les messages que vous diffusez.<\/td><\/tr><tr><td><strong>Storytelling<\/strong><\/td><td>Quelle est l\u2019histoire de votre marque ? <br>Pourquoi existe-t-elle ? <br>Racontez une histoire \u00e0 votre audience : vous humaniserez&nbsp;votre marque aupr\u00e8s de cette derni\u00e8re.<\/td><\/tr><\/tbody><\/table><figcaption class=\"wp-element-caption\"><em>El\u00e9ments indispensables pour cr\u00e9er son identit\u00e9 de marque<\/em><\/figcaption><\/figure>\n\n\n\n<p><\/p>\n\n\n\n<h3 class=\"wp-block-heading\"><em>Cr\u00e9ez un business plan solide<\/em><\/h3>\n\n\n\n<p><\/p>\n\n\n\n<p>Le business plan est l\u2019\u00e9pine dorsale de votre projet. Il vous permet de structurer vos id\u00e9es, d\u2019analyser la faisabilit\u00e9 et de convaincre vos futurs investisseurs ou partenaires.<\/p>\n\n\n\n<p><\/p>\n\n\n\n<h4 class=\"wp-block-heading\"><strong>Les \u00e9l\u00e9ments indispensables d\u2019un business plan<\/strong><\/h4>\n\n\n\n<p><\/p>\n\n\n\n<figure class=\"wp-block-table .mon-tableau td:first-child, th:first-child {  width: 30%; } td:nth-child(2), th:nth-child(2) 70%;\"><table class=\"has-ast-global-color-4-background-color has-background has-fixed-layout\"><tbody><tr><td><strong>R\u00e9sum\u00e9 ex\u00e9cutif<\/strong><\/td><td>Une synth\u00e8se concise de votre projet. <br>Il doit \u00eatre clair, captivant et r\u00e9sum\u00e9 en une page.<\/td><\/tr><tr><td><strong>Analyse de march\u00e9<\/strong><\/td><td>Identifiez vos concurrents, \u00e9tudiez leurs forces et faiblesses. <br>Comprenez les attentes de votre cible (comportements, tendances, besoins sp\u00e9cifiques).<\/td><\/tr><tr><td><strong>Offre produit<\/strong><\/td><td>D\u00e9taillez vos produits (types de v\u00eatements, mati\u00e8res, design) et votre proposition de valeur unique (qualit\u00e9, personnalisation, durabilit\u00e9, etc.).<\/td><\/tr><tr><td><strong>Plan de marketing et de communication<\/strong><\/td><td>Pr\u00e9cisez comment vous comptez toucher votre audience (publicit\u00e9s, r\u00e9seaux sociaux, partenariats).<\/td><\/tr><tr><td><strong>Pr\u00e9visions financi\u00e8res<\/strong><\/td><td>Incluez un tableau pr\u00e9visionnel des co\u00fbts et revenus sur 1, 3 et 5 ans. <br>D\u00e9taillez les investissements initiaux et les besoins de financement.<\/td><\/tr><\/tbody><\/table><figcaption class=\"wp-element-caption\"><em>El\u00e9ments indispensables pour construire son business plan<\/em><\/figcaption><\/figure>\n\n\n\n<p><\/p>\n\n\n\n<h3 class=\"wp-block-heading\"><em>Enfin, pr\u00e9voyez vos finances<\/em><\/h3>\n\n\n\n<p><\/p>\n\n\n\n<p>Une bonne gestion financi\u00e8re d\u00e8s le d\u00e9but est essentielle pour \u00e9viter les d\u00e9s\u00e9quilibres.<\/p>\n\n\n\n<p><\/p>\n\n\n\n<h4 class=\"wp-block-heading\"><strong>Les \u00e9tapes \u00e0 suivre pour une gestion financi\u00e8re efficace<\/strong><\/h4>\n\n\n\n<p><\/p>\n\n\n\n<figure class=\"wp-block-table .mon-tableau td:first-child, th:first-child {  width: 30%; } td:nth-child(2), th:nth-child(2) 70%;\"><table class=\"has-ast-global-color-4-background-color has-background has-fixed-layout\"><tbody><tr><td><strong>Suivre vos indicateurs<\/strong><\/td><td>Surveillez les KPI comme le co\u00fbt par unit\u00e9, le retour sur investissement (ROI) et le seuil de rentabilit\u00e9.<\/td><\/tr><tr><td><strong>D\u00e9terminer les co\u00fbts initiaux<\/strong><\/td><td>Cela inclut les frais de production, d\u2019\u00e9quipement, de design, et toutes les charges administratives.<\/td><\/tr><tr><td><strong>Mod\u00e8le de&nbsp;pricing<\/strong><\/td><td>Fixez vos prix en tenant compte des co\u00fbts initiaux, de la marge souhait\u00e9e et de votre positionnement sur le march\u00e9.<\/td><\/tr><tr><td><strong>Pr\u00e9voir des impr\u00e9vus<\/strong><\/td><td>Un peu contradictoire en effet ! <br>Pr\u00e9voyez un budget pour les d\u00e9penses impr\u00e9vues.<\/td><\/tr><\/tbody><\/table><figcaption class=\"wp-element-caption\"><em>El\u00e9ments indispensables pour g\u00e9rer ses finances<\/em><\/figcaption><\/figure>\n\n\n\n<p><\/p>\n\n\n\n<h2 class=\"wp-block-heading\" id=\"production\">2. Comment g\u00e9rer la production de v\u00eatements et accessoires ?<\/h2>\n\n\n\n<p><\/p>\n\n\n\n<p>En tant que cr\u00e9ateur d&rsquo;une marque de v\u00eatements, vous devez choisir la mani\u00e8re dont vous souhaitez proc\u00e9der pour vous approvisionner. Plusieurs solutions s&rsquo;offrent \u00e0 vous pour vous <strong>constituer un stock<\/strong>, de mani\u00e8re accord\u00e9e avec <strong>vos valeurs et votre business plan<\/strong>.<\/p>\n\n\n\n<p><\/p>\n\n\n\n<h3 class=\"wp-block-heading\"><em>Produisez vos cr\u00e9ations vous-m\u00eame&nbsp;<\/em><\/h3>\n\n\n\n<p><\/p>\n\n\n\n<p>Dans ces cas-l\u00e0, il vous faudra rapidement investir dans des machines, lieux, recrutements, etc. pour pouvoir r\u00e9pondre \u00e0 toutes les demandes.<\/p>\n\n\n\n<p><\/p>\n\n\n\n<h3 class=\"wp-block-heading\"><em>Trouvez un grossiste<\/em> <em>pour votre marque de v\u00eatements<\/em><\/h3>\n\n\n\n<p><\/p>\n\n\n\n<p>Identifiez <strong>un ou plusieurs grossistes<\/strong> pour l\u2019achat des v\u00eatements ou accessoires, ainsi qu&rsquo;un <strong>atelier de personnalisation textile<\/strong>, qui correspondent \u00e0 vos valeurs et qui travaillent en accord. Attention toutefois, ces partenaires peuvent imposer une quantit\u00e9 minimum de commandes pour les textiles et la personnalisation.<\/p>\n\n\n\n<p><\/p>\n\n\n\n<h3 class=\"wp-block-heading\"><em>Identifiez un atelier textile qui est \u00e0 la fois grossiste et imprimeur textile<\/em><\/h3>\n\n\n\n<p><\/p>\n\n\n\n<p>La concentration des deux m\u00e9tiers vous permettra d\u2019optimiser vos co\u00fbts et de vous assurer une coh\u00e9rence dans la production et l\u2019impression. C\u2019est aussi un avantage pour les d\u00e9lais de production qui se verront r\u00e9duits.&nbsp;<\/p>\n\n\n\n<p>Pour la cr\u00e9ation d\u2019une marque, pensez \u00e0 demander \u00e0 vos partenaires leur attitude vis-\u00e0-vis des <a href=\"https:\/\/main-gauche.com\/blogs\/etiquette-personnalisee-marque-de-vetements\" target=\"_blank\" rel=\"noreferrer noopener\">\u00e9tiquettes personnalis\u00e9es<\/a>. En effet, il faut respecter la r\u00e9glementation textile, tout en pouvant personnaliser votre textile de votre logo et de vos visuels, et pourquoi pas de vos \u00e9tiquettes.<\/p>\n\n\n\n<p><\/p>\n\n\n\n<h3 class=\"wp-block-heading\"><em>Pour vous aider \u00e0 trouver la meilleure option<\/em><\/h3>\n\n\n\n<p><\/p>\n\n\n\n<figure class=\"wp-block-table has-text-smaller-font-size\"><table class=\"has-ast-global-color-4-background-color has-background has-fixed-layout\"><thead><tr><th><strong>Solution<\/strong><\/th><th><strong>Description<\/strong><\/th><th><strong>Avantages<\/strong><\/th><th><strong>Inconv\u00e9nients<\/strong><\/th><\/tr><\/thead><tbody><tr><td><strong>Internalisation<\/strong><\/td><td><em>Vous g\u00e9rez l\u2019ensemble de la production dans vos propres locaux avec votre \u00e9quipe et votre \u00e9quipement.<\/em><\/td><td>Contr\u00f4le total sur la qualit\u00e9 et les d\u00e9lais.<br>Cr\u00e9ation d\u2019un savoir-faire interne.<\/td><td>Investissements initiaux \u00e9lev\u00e9s. <br>Co\u00fbt d\u2019entretien des machines.<\/td><\/tr><tr><td><strong>Externalisation<\/strong><\/td><td><em>Vous travaillez avec un atelier ou une usine qui produit vos v\u00eatements selon vos sp\u00e9cifications.<\/em><\/td><td>Gain de temps et d\u2019expertise. Pas d\u2019investissement mat\u00e9riel.<br>Flexibilit\u00e9 pour augmenter les volumes.<\/td><td>Moins de contr\u00f4le direct.<br>D\u00e9pendance envers le fournisseur. <br>Risques de qualit\u00e9 variable<\/td><\/tr><tr><td><strong>Print-on-demand<\/strong><\/td><td><em>Impression et production \u00e0 la demande, sans gestion de stocks.<\/em><\/td><td>Pas de gestion de stock. <br>Faibles co\u00fbts initiaux. <br>Adapt\u00e9 aux petites s\u00e9ries ou tests de march\u00e9.<\/td><td>Marges r\u00e9duites. <br>Options limit\u00e9es pour personnalisation. <br>D\u00e9lais parfois longs.<\/td><\/tr><tr><td><strong>Solutions hybrides<\/strong><\/td><td><em>Combinaison des approches pr\u00e9c\u00e9dentes\u202f: une partie internalis\u00e9e, une autre externalis\u00e9e ou \u00e0 la demande.<\/em><\/td><td>Flexibilit\u00e9.<br>Possibilit\u00e9 de s\u2019adapter \u00e0 la demande. <br>R\u00e9partition des risques.<\/td><td>Gestion plus complexe.<br>Coordination n\u00e9cessaire entre plusieurs acteurs.<\/td><\/tr><\/tbody><\/table><figcaption class=\"wp-element-caption\"><em>Comparatif des solutions de production textile<\/em><\/figcaption><\/figure>\n\n\n\n<p><\/p>\n\n\n\n<p>Depuis peu, certains ateliers proposent du&nbsp;<a href=\"https:\/\/main-gauche.com\/blogs\/dropshipping-vs-stock-marque\">dropshipping, alternative au stock<\/a>. Une m\u00e9thode qui permet pour les jeunes marques de v\u00eatements de<strong> travailler en flux tendu<\/strong>. Cette solution qui permet de ne pas engager de frais de stockage et de production <strong>impactera n\u00e9anmoins n\u00e9gativement votre marge<\/strong>. De plus, cette m\u00e9thode pr\u00e9sente des contraintes comme la limitation de textiles propos\u00e9s et le choix des techniques de personnalisation restreint (souvent ces ateliers ne proposent que de l\u2019impression num\u00e9rique).<\/p>\n\n\n\n<p>Nous vous conseillons donc de commencer avec de <strong>petites s\u00e9ries en production<\/strong>. Le co\u00fbt de revient sera un peu plus \u00e9lev\u00e9 dans les premiers temps, mais cela vous permettra d\u2019offrir directement la qualit\u00e9 souhait\u00e9e \u00e0 vos clients et d\u2019optimiser vos exp\u00e9ditions vous-m\u00eame.<\/p>\n\n\n\n<p><\/p>\n\n\n\n<h3 class=\"wp-block-heading\"><em>Notre guide pour s\u00e9lectionner vos fournisseurs (si tel est votre souhait !)<\/em><\/h3>\n\n\n\n<p><\/p>\n\n\n\n<p>Un bon fournisseur, c&rsquo;est un partenaire strat\u00e9gique. Voici un guide \u00e9tape par \u00e9tape pour les \u00e9valuer et les choisir.<\/p>\n\n\n\n<p><\/p>\n\n\n\n<h4 class=\"wp-block-heading\"><strong>D\u00e9finissez des crit\u00e8res d\u2019\u00e9valuation<\/strong><\/h4>\n\n\n\n<p><\/p>\n\n\n\n<figure class=\"wp-block-table .mon-tableau td:first-child, th:first-child {  width: 30%; } td:nth-child(2), th:nth-child(2) 70%;\"><table class=\"has-ast-global-color-4-background-color has-background has-fixed-layout\"><tbody><tr><td><strong>Qualit\u00e9 des produits<\/strong><\/td><td>Analysez les \u00e9chantillons : <strong>texture, finition<\/strong>&#8230; <br>Vous pouvez aussi chercher&nbsp;des r\u00e9f\u00e9rences et\/ou <strong>t\u00e9moignages <\/strong>de clients actuels.<\/td><\/tr><tr><td><strong>Co\u00fbt et flexibilit\u00e9<\/strong><\/td><td>Comparez les <strong>prix par unit\u00e9<\/strong> pour diff\u00e9rents volumes de commande. <br>Pensez \u00e0 regarder leur capacit\u00e9 d&rsquo;adaptation \u00e0 vos besoins (<em>petites ou grandes s\u00e9ries<\/em>).<\/td><\/tr><tr><td><strong>D\u00e9lais de production<\/strong><\/td><td>\u00c9valuez leur capacit\u00e9 \u00e0 <strong>respecter les \u00e9ch\u00e9ances<\/strong>. N&rsquo;oubliez pas de prendre en compte le temps de production et de transport.<\/td><\/tr><tr><td><strong>Normes et certifications<\/strong><\/td><td>Il est important que vos fournisseurs respectent&nbsp;les <strong>normes r\u00e9glementaires<\/strong> (labels \u00e9cologiques, <a href=\"https:\/\/main-gauche.com\/blogs\/certifications-textiles-bio\" target=\"_blank\" rel=\"noreferrer noopener\">certifications \u00e9thiques<\/a>, etc.).<\/td><\/tr><tr><td><strong>Localisation g\u00e9ographique<\/strong><\/td><td>La proximit\u00e9 peut <strong>r\u00e9duire les co\u00fbts de transport<\/strong> et faciliter les contr\u00f4les. Vous pouvez \u00e9galement vous pencher sur les options internationales, si le co\u00fbt est un facteur non-n\u00e9gligeable pour vous.<\/td><\/tr><\/tbody><\/table><figcaption class=\"wp-element-caption\"><em>Crit\u00e8res d&rsquo;\u00e9valuation pour choisir ses fournisseurs<\/em><\/figcaption><\/figure>\n\n\n\n<p><\/p>\n\n\n\n<h4 class=\"wp-block-heading\"><strong>Les questions \u00e0 poser au fournisseur<\/strong><\/h4>\n\n\n\n<p><\/p>\n\n\n\n<figure class=\"wp-block-table .mon-tableau td:first-child, th:first-child {  width: 30%; } td:nth-child(2), th:nth-child(2) 70%;\"><table class=\"has-ast-global-color-4-background-color has-background has-fixed-layout\"><tbody><tr><td><strong>Production <\/strong><\/td><td><em>Quelle est votre capacit\u00e9 maximale de production ? <\/em><br><em>Pouvez-vous produire en petites quantit\u00e9s\u202f?<\/em><\/td><\/tr><tr><td><strong>D\u00e9lais<\/strong><\/td><td><em>Quels sont vos d\u00e9lais moyens pour une commande standard\u202f? <\/em><br><em>Comment g\u00e9rez-vous les impr\u00e9vus\u202f?<\/em><\/td><\/tr><tr><td><strong>Normes<\/strong><\/td><td><em>Quels labels ou certifications avez-vous\u202f? <\/em><br><em>Respectez-vous les r\u00e9glementations europ\u00e9ennes\u202f?<\/em><\/td><\/tr><tr><td><strong>Co\u00fbts<\/strong><\/td><td><em>Quels sont vos prix en fonction des volumes\u202f? <\/em><br><em>Y a-t-il des frais suppl\u00e9mentaires\u202f?<\/em><\/td><\/tr><tr><td><strong>Assurance qualit\u00e9<\/strong><\/td><td><em>Quels contr\u00f4les appliquez-vous pendant la production\u202f? <\/em><br><em>Fournissez-vous des rapports qualit\u00e9\u202f?<\/em><\/td><\/tr><tr><td><strong>Communication<\/strong><\/td><td><em>Qui sera mon contact principal\u202f? <\/em><br><em>Comment puis-je suivre l\u2019\u00e9tat de ma commande\u202f?<\/em><\/td><\/tr><tr><td><strong>Conditions contractuelles<\/strong><\/td><td><em>Proposez-vous des contrats avec garanties (qualit\u00e9, d\u00e9lais)\u202f?<\/em><\/td><\/tr><\/tbody><\/table><figcaption class=\"wp-element-caption\"><em>Questions \u00e0 poser pour choisir ses fournisseurs<\/em><\/figcaption><\/figure>\n\n\n\n<p><\/p>\n\n\n\n<h4 class=\"wp-block-heading\"><strong>Les red flags (\u00e0 \u00e9viter de pr\u00e9f\u00e9rence !)<\/strong><\/h4>\n\n\n\n<p><\/p>\n\n\n\n<ul class=\"wp-block-list\">\n<li><strong>Manque de transparence<\/strong> : Si le fournisseur \u00e9vite de partager des informations claires sur ses capacit\u00e9s ou ses prix : red flag !<\/li>\n\n\n\n<li><strong>Qualit\u00e9 variable<\/strong> : Attention aux fournisseurs incapables de garantir une qualit\u00e9 constante entre les lots.&nbsp;<\/li>\n\n\n\n<li><strong>D\u00e9lais non respect\u00e9s<\/strong> : Les avis clients peuvent vous donner une id\u00e9e de si le fournisseur a tendance \u00e0 livrer en retard.<\/li>\n\n\n\n<li><strong>Absence de certifications<\/strong> : Si un fournisseur ne respecte pas les normes l\u00e9gales ou \u00e9thiques, <em>pensez que cela peut nuire \u00e0 votre marque<\/em> !<\/li>\n\n\n\n<li><strong>Manque de communication<\/strong> : Un fournisseur difficile \u00e0 joindre ou lent \u00e0 r\u00e9pondre peut compliquer votre collaboration.<\/li>\n<\/ul>\n\n\n\n<p><\/p>\n\n\n\n<h2 class=\"wp-block-heading\" id=\"reglementation\">3. Les r\u00e9glementations pour cr\u00e9er votre marque de v\u00eatements<\/h2>\n\n\n\n<p><\/p>\n\n\n\n<p>Cr\u00e9er sa marque de v\u00eatements est, dans les faits, plut\u00f4t simple. Hormis l\u2019\u00e9tiquetage et le <strong>d\u00e9p\u00f4t de marque<\/strong>, il existe tr\u00e8s peu d\u2019obligation. Une \u00e9tiquette doit <strong>signifier explicitement la composition des diff\u00e9rentes fibres textiles<\/strong>, en pourcentage et en langue fran\u00e7aise.<\/p>\n\n\n\n<p><\/p>\n\n\n\n<h3 class=\"wp-block-heading\"><em>L&rsquo;\u00e9tiquetage de vos produits<\/em><\/h3>\n\n\n\n<p><\/p>\n\n\n\n<p>L\u2019<strong>\u00e9tiquetage des v\u00eatements<\/strong> est obligatoire ! Cette formalit\u00e9 doit inclure :<\/p>\n\n\n\n<ul class=\"wp-block-list\">\n<li><strong>Composition textile<\/strong> : Indiquez les pourcentages des mati\u00e8res utilis\u00e9es (ex : 80 % coton, 20 % polyester).<\/li>\n\n\n\n<li><strong>Instructions d\u2019entretien<\/strong> : Fournissez des conseils de lavage et d\u2019entretien sous forme de symboles (ex : lavage \u00e0 30 \u00b0C, pas de s\u00e8che-linge).<\/li>\n\n\n\n<li><strong>Origine<\/strong> : Mentionnez la provenance du produit si n\u00e9cessaire (ex : \u00ab Fabriqu\u00e9 en France \u00bb, \u00ab Made in Italy \u00bb).<\/li>\n\n\n\n<li><strong>Informations l\u00e9gales<\/strong> : Ajoutez le nom ou la raison sociale de votre entreprise, ainsi que son adresse.<\/li>\n<\/ul>\n\n\n\n<p><\/p>\n\n\n\n<p>C\u2019est d\u2019ailleurs la seule information obligatoire. La provenance, le fameux \u00ab<em>&nbsp;made in<\/em>&nbsp;\u00bb, tout comme les pictogrammes de conseil d\u2019entretien, ne sont pas obligatoires, mais sont fortement conseill\u00e9s. (Exportation, plainte des consommateurs\u2026)<\/p>\n\n\n\n<p><\/p>\n\n\n\n<h3 class=\"wp-block-heading\"><em>Pensez \u00e0 prot\u00e9ger votre marque<\/em><\/h3>\n\n\n\n<p><\/p>\n\n\n\n<p>Une autre obligation porte sur la <strong>propri\u00e9t\u00e9 intellectuelle de la marque<\/strong>. Cela signifie qu&rsquo;il faut cr\u00e9er une marque et la d\u00e9poser \u00e0 l\u2019<strong>INPI<\/strong> (ou <strong>Institut National de la Propri\u00e9t\u00e9 Industrielle<\/strong>). Il vous faudra donc v\u00e9rifier la disponibilit\u00e9 du nom de votre marque et, si tel est le cas, le d\u00e9poser.&nbsp;<\/p>\n\n\n\n<p><\/p>\n\n\n\n<ul class=\"wp-block-list\">\n<li><strong>D\u00e9posez votre marque \u00e0 l\u2019INPI<\/strong> :\n<ul class=\"wp-block-list\">\n<li>La contrefa\u00e7on dans le secteur de la mode est courante. Prot\u00e9gez le nom, le logo ou le slogan de votre marque pour \u00e9viter les copies.<\/li>\n\n\n\n<li>Co\u00fbt : \u00e0 partir de 190 \u20ac pour une protection en France.<\/li>\n<\/ul>\n<\/li>\n\n\n\n<li><strong>D\u00e9p\u00f4t des designs ou dessins<\/strong> :\n<ul class=\"wp-block-list\">\n<li>Si vos cr\u00e9ations incluent des motifs ou des coupes uniques, vous pouvez prot\u00e9ger ces designs.<\/li>\n<\/ul>\n<\/li>\n<\/ul>\n\n\n\n<p><\/p>\n\n\n\n<p>Nous vous recommandons de vous faire accompagner au cours de cette \u00e9tape pour identifier les bonnes classes de d\u00e9p\u00f4t.<\/p>\n\n\n\n<p><\/p>\n\n\n\n<h3 class=\"wp-block-heading\" id=\"statut-juridique\"><em>Choisissez votre statut juridique<\/em><\/h3>\n\n\n\n<p><\/p>\n\n\n\n<p>Le<strong> choix du statut juridique pour votre marque de v\u00eatements<\/strong> n&rsquo;est pas \u00e0 prendre \u00e0 la l\u00e9g\u00e8re. Il va influencer vos responsabilit\u00e9s, la gestion de votre activit\u00e9 et votre capacit\u00e9 \u00e0 cro\u00eetre. Quelques donn\u00e9es \u00e0 prendre en compte pour faire ce choix :<\/p>\n\n\n\n<p><\/p>\n\n\n\n<figure class=\"wp-block-table has-text-smaller-font-size\"><table class=\"has-ast-global-color-4-background-color has-background has-fixed-layout\"><thead><tr><th><strong>Statut<\/strong><\/th><th><strong>Avantages<\/strong><\/th><th><strong>Inconv\u00e9nients<\/strong><\/th><th><strong>Co\u00fbts<\/strong><\/th><\/tr><\/thead><tbody><tr><td><strong>EI (Entreprise individuelle)<\/strong><\/td><td>&#8211; Simplicit\u00e9 administrative et comptable<br>&#8211; Id\u00e9al pour tester le march\u00e9 avec peu de moyens<\/td><td>&#8211; Responsabilit\u00e9 illimit\u00e9e sur vos biens personnels<br>&#8211; Peu adapt\u00e9e \u00e0 une forte croissance<\/td><td>Faibles (cr\u00e9ation rapide)<\/td><\/tr><tr><td><strong>Micro-entrepreneur<\/strong><\/td><td>&#8211; Formalit\u00e9s r\u00e9duites<br>&#8211; R\u00e9gime fiscal avantageux (jusqu\u2019\u00e0 188 700 \u20ac de CA pour les activit\u00e9s de vente)<\/td><td>&#8211; Plafond de CA limit\u00e9<br>&#8211; Pas de possibilit\u00e9 de d\u00e9duire les charges r\u00e9elles (stocks, marketing)<\/td><td>Tr\u00e8s faibles<\/td><\/tr><tr><td><strong>EURL (Entreprise unipersonnelle \u00e0 responsabilit\u00e9 limit\u00e9e)<\/strong><\/td><td>&#8211; Responsabilit\u00e9 limit\u00e9e (biens personnels prot\u00e9g\u00e9s)<br>&#8211; Id\u00e9al si vous avez des investissements importants<\/td><td>&#8211; Co\u00fbts de cr\u00e9ation plus \u00e9lev\u00e9s<br>&#8211; Gestion comptable obligatoire<\/td><td>Mod\u00e9r\u00e9s&nbsp;<\/td><\/tr><tr><td><strong>SASU (Soci\u00e9t\u00e9 par actions simplifi\u00e9e unipersonnelle)<\/strong><\/td><td>&#8211; Flexibilit\u00e9 pour l\u2019organisation et la gestion<br>&#8211; Attractif pour les investisseurs potentiels<\/td><td>&#8211; Formalit\u00e9s plus complexes<br>&#8211; Co\u00fbts administratifs plus \u00e9lev\u00e9s<\/td><td>Mod\u00e9r\u00e9s \u00e0 \u00e9lev\u00e9s&nbsp;<\/td><\/tr><tr><td><strong>SARL (Soci\u00e9t\u00e9 \u00e0 responsabilit\u00e9 limit\u00e9e)<\/strong><\/td><td>&#8211; Adapt\u00e9e pour les projets en \u00e9quipe (2 \u00e0 100 associ\u00e9s)<br>&#8211; Responsabilit\u00e9 limit\u00e9e aux apports<\/td><td>&#8211; Structure rigide (statuts peu modifiables)<br>&#8211; N\u00e9cessite une comptabilit\u00e9 stricte<\/td><td>Mod\u00e9r\u00e9s<\/td><\/tr><tr><td><strong>SAS (Soci\u00e9t\u00e9 par Actions Simplifi\u00e9e)<\/strong><\/td><td>&#8211; Flexibilit\u00e9 dans les statuts<br>&#8211; Permet l\u2019entr\u00e9e facile d\u2019investisseurs<\/td><td>&#8211; Formalit\u00e9s de cr\u00e9ation complexes<br>&#8211; Co\u00fbts \u00e9lev\u00e9s pour la gestion<\/td><td>\u00c9lev\u00e9s<\/td><\/tr><\/tbody><\/table><figcaption class=\"wp-element-caption\"><em>Les diff\u00e9rents statuts juridiques pour cr\u00e9er sa marque de v\u00eatements<\/em><\/figcaption><\/figure>\n\n\n\n<p><\/p>\n\n\n\n<h4 class=\"wp-block-heading\"><strong>Nos conseils pour cr\u00e9er votre marque de v\u00eatements<\/strong><\/h4>\n\n\n\n<p><\/p>\n\n\n\n<ul class=\"wp-block-list\">\n<li><strong>Micro-entrepreneur<\/strong> : Id\u00e9al si vous d\u00e9marrez avec une petite production (<em>capsules, s\u00e9ries limit\u00e9es<\/em>) et souhaitez tester le march\u00e9 sans prendre trop de risques financiers.<\/li>\n\n\n\n<li><strong>EURL ou SASU<\/strong> : Recommand\u00e9es si vous avez besoin de prot\u00e9ger vos biens personnels ou si vous pr\u00e9voyez un d\u00e9veloppement rapide.<\/li>\n\n\n\n<li><strong>SAS ou SARL<\/strong> : Pr\u00e9f\u00e9rez ces statuts si vous envisagez d\u2019int\u00e9grer des associ\u00e9s ou de lever des fonds pour acc\u00e9l\u00e9rer votre croissance.<\/li>\n<\/ul>\n\n\n\n<p><\/p>\n\n\n\n<h3 class=\"wp-block-heading\"><em>La conformit\u00e9 environnementale<\/em><\/h3>\n\n\n\n<p><\/p>\n\n\n\n<p>Il y a depuis quelques ann\u00e9es une prise de conscience croissante des consommateurs. Le <strong>respect des normes environnementales<\/strong> est de plus en plus important.<\/p>\n\n\n\n<p><\/p>\n\n\n\n<ul class=\"wp-block-list\">\n<li><strong>Loi AGEC<\/strong> : oblige les marques de mode \u00e0 participer \u00e0 des initiatives de gestion des d\u00e9chets textiles (<strong>recyclage, collecte<\/strong>).<\/li>\n\n\n\n<li><strong>Tra\u00e7abilit\u00e9<\/strong> : les clients attendent de la transparence sur les conditions de production et l\u2019impact \u00e9cologique.<\/li>\n<\/ul>\n\n\n\n<p><\/p>\n\n\n\n<h3 class=\"wp-block-heading\"><em>Certifications et labels<\/em><\/h3>\n\n\n\n<p><\/p>\n\n\n\n<p>Vous ciblez un public sensible \u00e0 l\u2019\u00e9coresponsabilit\u00e9 ? Pensez \u00e0 obtenir des certifications :<\/p>\n\n\n\n<ul class=\"wp-block-list\">\n<li><strong>GOTS (Global Organic Textile Standard)<\/strong> : garantit que vos v\u00eatements sont fabriqu\u00e9s \u00e0 partir de mati\u00e8res biologiques, comme le <a href=\"https:\/\/main-gauche.com\/blogs\/le-coton-bio-pourquoi\" target=\"_blank\" rel=\"noreferrer noopener\">coton organique<\/a> et le <a href=\"https:\/\/main-gauche.com\/blogs\/tout-savoir-sur-le-polyester-recycle\" target=\"_blank\" rel=\"noreferrer noopener\">rPET (polyester recycl\u00e9)<\/a>, et dans le respect des normes sociales.<\/li>\n\n\n\n<li><strong>Oeko-Tex Standard 100<\/strong> : certifie l\u2019absence de <strong>substances nocives pour la sant\u00e9 <\/strong>dans vos produits.<\/li>\n\n\n\n<li><strong>Fair Trade Certified<\/strong> : montre que votre marque soutient des pratiques \u00e9quitables dans la cha\u00eene de production.<\/li>\n<\/ul>\n\n\n\n<p><\/p>\n\n\n\n<h3 class=\"wp-block-heading\"><em>Respect des obligations sociales<\/em><\/h3>\n\n\n\n<p><\/p>\n\n\n\n<p><strong>S\u00e9curit\u00e9 des produits<\/strong> : les v\u00eatements doivent r\u00e9pondre aux normes en vigueur pour \u00e9viter tout danger (ex. : inflammabilit\u00e9, allerg\u00e8nes).<\/p>\n\n\n\n<p><strong>Conditions de travail<\/strong> : si vous sous-traitez la production, assurez-vous que vos partenaires respectent des normes \u00e9thiques (salaire d\u00e9cent, s\u00e9curit\u00e9, pas de travail forc\u00e9).<\/p>\n\n\n\n<p><\/p>\n\n\n\n<h2 class=\"wp-block-heading\" id=\"financement\">4. Financer le lancement de votre marque<\/h2>\n\n\n\n<p><\/p>\n\n\n\n<p>Vous avez le concept, les partenaires et vous avez pris en compte toutes les r\u00e9glementations existantes. Il est d\u00e9sormais temps de <strong>financer ce projet <\/strong>!&nbsp;En fonction de votre positionnement et de votre ambition, le montant des investissements peut varier du simple au triple. Il faut donc adapter votre strat\u00e9gie en fonction de vos moyens et de vos ambitions.<\/p>\n\n\n\n<p>Apr\u00e8s avoir d\u00e9taill\u00e9 la <a href=\"#creation\" rel=\"nofollow\">cr\u00e9ation du business plan en premi\u00e8re partie<\/a> et <a href=\"#statut-juridique\" rel=\"nofollow\">d\u00e9fini le statut de votre marque en troisi\u00e8me partie<\/a>, voyons plus en d\u00e9tails les <strong>possibilit\u00e9s de financement <\/strong>qui s&rsquo;offrent \u00e0 vous.<\/p>\n\n\n\n<p><\/p>\n\n\n\n<figure class=\"wp-block-table has-text-smaller-font-size\"><table class=\"has-ast-global-color-4-background-color has-background has-fixed-layout\"><tbody><tr><td><strong>Source<\/strong><\/td><td><strong>Avantages<\/strong><\/td><td><strong>Inconv\u00e9nients<\/strong><\/td><\/tr><tr><td><strong>Autofinancement<\/strong><\/td><td>Pas d\u2019endettement, contr\u00f4le total<\/td><td>Risque financier personnel \u00e9lev\u00e9<\/td><\/tr><tr><td><strong>Aides\/Subventions<\/strong><\/td><td>Soutien financier gratuit<\/td><td>Proc\u00e9dures administratives longues, non garanti<\/td><\/tr><tr><td><strong>Crowdfunding<\/strong><\/td><td>Test du march\u00e9, engagement de la communaut\u00e9<\/td><td>Campagne chronophage, incertitude sur les r\u00e9sultats<\/td><\/tr><tr><td><strong>Pr\u00eats bancaires<\/strong><\/td><td>Acc\u00e8s \u00e0 des fonds cons\u00e9quents, taux souvent attractifs<\/td><td>N\u00e9cessit\u00e9 de rembourser avec int\u00e9r\u00eats, besoin de garanties (<em>Conseil : n\u00e9gociez les conditions &#8211; Taux d&rsquo;int\u00e9r\u00eat\/d\u00e9lais de remboursement<\/em>)<\/td><\/tr><tr><td><strong>Investisseurs<\/strong><\/td><td>Apport en capital, accompagnement strat\u00e9gique possible<\/td><td>Dilution du contr\u00f4le sur la marque<\/td><\/tr><\/tbody><\/table><figcaption class=\"wp-element-caption\"><em>Les sources de financement possibles pour cr\u00e9er sa marque<\/em><\/figcaption><\/figure>\n\n\n\n<p><\/p>\n\n\n\n<h3 class=\"wp-block-heading\"><em>Comment g\u00e9rer ses finances efficacement ?<\/em><\/h3>\n\n\n\n<p><\/p>\n\n\n\n<p>Un suivi rigoureux de vos finances est essentiel pour garder le contr\u00f4le de votre projet.<\/p>\n\n\n\n<p><\/p>\n\n\n\n<h4 class=\"wp-block-heading\"><strong>Les outils de gestion financi\u00e8re<\/strong><\/h4>\n\n\n\n<p><\/p>\n\n\n\n<p>Utilisez des logiciels comme&nbsp;<strong>QuickBooks<\/strong>, <strong>Wave<\/strong> ou <strong>Sage<\/strong> pour suivre vos revenus et d\u00e9penses. Ces outils permettent de :<\/p>\n\n\n\n<ul class=\"wp-block-list\">\n<li>Surveiller vos flux de tr\u00e9sorerie.<\/li>\n\n\n\n<li>G\u00e9n\u00e9rer des rapports financiers.<\/li>\n\n\n\n<li>Pr\u00e9parer vos d\u00e9clarations fiscales.<\/li>\n<\/ul>\n\n\n\n<p><\/p>\n\n\n\n<h4 class=\"wp-block-heading\"><strong>Anticipez les impr\u00e9vus !<\/strong><\/h4>\n\n\n\n<p><\/p>\n\n\n\n<p>Cr\u00e9ez une <strong>r\u00e9serve de tr\u00e9sorerie<\/strong> (<em>environ 10-20 % de votre budget total<\/em>) pour absorber les chocs financiers. Il peut s&rsquo;agir de retards de production ou des retours produits inattendus.<\/p>\n\n\n\n<p><\/p>\n\n\n\n<h3 class=\"wp-block-heading\"><em>Suivez les indicateurs cl\u00e9s (KPIs)<\/em><\/h3>\n\n\n\n<p><\/p>\n\n\n\n<p>Evaluez la performance de votre marque \u00e0 l&rsquo;aide d&rsquo;<strong>indicateurs financiers pertinents<\/strong> (\u00e0 surveiller r\u00e9guli\u00e8rement) :<\/p>\n\n\n\n<ul class=\"wp-block-list\">\n<li><strong>Co\u00fbt par unit\u00e9<\/strong> : le co\u00fbt moyen pour produire un article (mati\u00e8re premi\u00e8re, main-d&rsquo;\u0153uvre, logistique)<\/li>\n\n\n\n<li><strong>Seuil de rentabilit\u00e9<\/strong> : nombre de ventes n\u00e9cessaires pour couvrir vos co\u00fbts fixes et variables.<\/li>\n\n\n\n<li><strong>Chiffre d\u2019affaires pr\u00e9visionnel<\/strong> : estimation de vos revenus sur une p\u00e9riode donn\u00e9e.<\/li>\n\n\n\n<li><strong>Marge brute<\/strong> : diff\u00e9rence entre votre chiffre d\u2019affaires et vos co\u00fbts directs.<\/li>\n<\/ul>\n\n\n\n<p><\/p>\n\n\n\n<h2 class=\"wp-block-heading\" id=\"vente\">5. Proposer sa ligne de v\u00eatements \u00e0 la vente<\/h2>\n\n\n\n<p>Une fois le financement obtenu, il faut d\u00e9sormais <strong>lancer la production et proposer ses articles \u00e0 la vente<\/strong>. Il existe un tas de solutions pour cr\u00e9er et g\u00e9rer une boutique en ligne ou physique.<\/p>\n\n\n\n<p><\/p>\n\n\n\n<h3 class=\"wp-block-heading\"><em>Cr\u00e9ez votre boutique en ligne<\/em><\/h3>\n\n\n\n<p>Pour vendre vos <strong>textiles personnalis\u00e9s<\/strong> en ligne, il vous faut d&rsquo;abord cr\u00e9er votre site e-commerce. Quelques \u00e9tapes \u00e0 suivre pour y arriver :<\/p>\n\n\n\n<p><\/p>\n\n\n\n<h4 class=\"wp-block-heading\"><strong>La cr\u00e9ation d&rsquo;un site e-commerce<\/strong><\/h4>\n\n\n\n<p><\/p>\n\n\n\n<figure class=\"wp-block-table has-text-smaller-font-size\"><table class=\"has-ast-global-color-4-background-color has-background has-fixed-layout\"><thead><tr><th><strong>Actions<\/strong><\/th><th><strong>Avantages<\/strong><\/th><th><strong>Inconv\u00e9nients<\/strong><\/th><\/tr><\/thead><tbody><tr><td><strong>Choisir une plateforme e-commerce (ex. : Shopify, WooCommerce)<\/strong><\/td><td>Contr\u00f4le total sur votre image de marque.<br>Fonctionnalit\u00e9s adapt\u00e9es \u00e0 la mode.<\/td><td>Besoin de comp\u00e9tences techniques de base.<br>Abonnement mensuel \u00e0 certaines plateformes.<\/td><\/tr><tr><td><strong>Optimiser l\u2019exp\u00e9rience utilisateur (UX\/UI)<\/strong><\/td><td>Augmente la conversion en ligne.<br>Cr\u00e9e une exp\u00e9rience shopping agr\u00e9able.<\/td><td>Doit \u00eatre continuellement mis \u00e0 jour.<\/td><\/tr><tr><td><strong>Int\u00e9gration de solutions de paiement s\u00e9curis\u00e9es (ex. : Stripe, PayPal)<\/strong><\/td><td>Paiement simple et s\u00e9curis\u00e9 pour les clients.<\/td><td>Certaines plateformes prennent des frais sur les transactions.<\/td><\/tr><tr><td><strong>Mise en avant des produits avec des visuels attrayants et descriptions optimis\u00e9es<\/strong><\/td><td>Am\u00e9liore la visibilit\u00e9 en ligne.<br>Stimule l\u2019engagement et les conversions.<\/td><td>N\u00e9cessite un contenu de qualit\u00e9.<\/td><\/tr><\/tbody><\/table><figcaption class=\"wp-element-caption\"><em>Les \u00e9tapes de la cr\u00e9ation d&rsquo;un site e-commerce<\/em><\/figcaption><\/figure>\n\n\n\n<p><\/p>\n\n\n\n<p>Il existe tout un tas de plateformes e-commerces destin\u00e9es \u00e0<strong> faciliter la cr\u00e9ation d&rsquo;une boutique en ligne <\/strong>pour les cr\u00e9ateurs de marque. Voyons ensemble quelques unes des possibilit\u00e9s qui s&rsquo;offrent \u00e0 vous !<\/p>\n\n\n\n<p><\/p>\n\n\n\n<figure class=\"wp-block-table has-text-smaller-font-size\"><table class=\"has-ast-global-color-4-background-color has-background has-fixed-layout\"><thead><tr><th><strong>Plateforme<\/strong><\/th><th><strong>Avantages<\/strong><\/th><th><strong>Inconv\u00e9nients<\/strong><\/th><\/tr><\/thead><tbody><tr><td><strong>Shopify<\/strong><\/td><td>Facile \u00e0 utiliser et rapide \u00e0 configurer. <br>Th\u00e8mes adapt\u00e9s \u00e0 la mode. <br>Int\u00e9grations natives.<\/td><td>Abonnement mensuel co\u00fbteux. <br>Personnalisation limit\u00e9e sans code.<\/td><\/tr><tr><td><strong>WooCommerce<\/strong><\/td><td>Plugin gratuit pour WordPress. <br>Grande flexibilit\u00e9 et contr\u00f4le. <br>Extensions nombreuses.<\/td><td>Requiert des comp\u00e9tences techniques. <br>Peut devenir complexe avec les plugins.<\/td><\/tr><tr><td><strong>PrestaShop<\/strong><\/td><td>Open-source et personnalisable. <br>Id\u00e9al pour les boutiques en croissance.<\/td><td>Gestion technique n\u00e9cessaire. <br>Support parfois limit\u00e9.<\/td><\/tr><tr><td><strong>BigCommerce<\/strong><\/td><td>Plateforme compl\u00e8te avec outils int\u00e9gr\u00e9s.<br>Bon pour des boutiques \u00e0 fort volume.<\/td><td>Plus cher que certaines autres options.<\/td><\/tr><tr><td><strong>Wix eCommerce<\/strong><\/td><td>Id\u00e9al pour les petites boutiques. <br>Interface intuitive.<\/td><td>Moins puissant pour des boutiques complexes.<\/td><\/tr><\/tbody><\/table><figcaption class=\"wp-element-caption\">Les diff\u00e9rentes plateformes e-commerce existantes<\/figcaption><\/figure>\n\n\n\n<p><\/p>\n\n\n\n<h5 class=\"wp-block-heading\">Nos conseils pour choisir votre plateforme e-commerce<\/h5>\n\n\n\n<ul class=\"wp-block-list\">\n<li>Si vous d\u00e9butez avec un budget limit\u00e9, <strong>WooCommerce<\/strong> ou <strong>Wix eCommerce<\/strong> sont adapt\u00e9s.<\/li>\n\n\n\n<li>Si vous recherchez une solution cl\u00e9 en main avec peu de gestion technique, optez pour <strong>Shopify<\/strong>.<\/li>\n<\/ul>\n\n\n\n<p><\/p>\n\n\n\n<h4 class=\"wp-block-heading\"><strong>Pensez aux solutions de paiement !<\/strong><\/h4>\n\n\n\n<p><\/p>\n\n\n\n<figure class=\"wp-block-table has-text-smaller-font-size\"><table class=\"has-ast-global-color-4-background-color has-background has-fixed-layout\"><thead><tr><th><strong>Solution de paiement<\/strong><\/th><th><strong>Avantages<\/strong><\/th><th><strong>Inconv\u00e9nients<\/strong><\/th><\/tr><\/thead><tbody><tr><td><strong>PayPal<\/strong><\/td><td>Solution connue et fiable. <br>Simple pour les acheteurs internationaux.<\/td><td>Frais \u00e9lev\u00e9s sur les transactions. <br>Processus de remboursement strict.<\/td><\/tr><tr><td><strong>Stripe<\/strong><\/td><td>Id\u00e9al pour les paiements sur mesure. <br>Int\u00e9gration facile avec les plateformes modernes.<\/td><td>N\u00e9cessite une configuration technique initiale.<\/td><\/tr><tr><td><strong>Square<\/strong><\/td><td>Solution tout-en-un (paiements en ligne et en magasin). <br>Abordable pour les petites boutiques.<\/td><td>Moins adapt\u00e9 aux march\u00e9s internationaux.<\/td><\/tr><tr><td><strong>Apple Pay \/ Google Pay<\/strong><\/td><td>Rapidit\u00e9 et simplicit\u00e9 pour les utilisateurs. Optimis\u00e9 pour mobile.<\/td><td>&#8211;<\/td><\/tr><\/tbody><\/table><figcaption class=\"wp-element-caption\"><em>Les solutions de paiement existantes<\/em><\/figcaption><\/figure>\n\n\n\n<p><\/p>\n\n\n\n<h5 class=\"wp-block-heading\">Nos conseils pour choisir votre(vos) solution(s) de paiement<\/h5>\n\n\n\n<ul class=\"wp-block-list\">\n<li>Offrez plusieurs options pour satisfaire tous les types de clients (ex. : PayPal pour la fiabilit\u00e9 et Stripe pour la flexibilit\u00e9).<\/li>\n<\/ul>\n\n\n\n<p><\/p>\n\n\n\n<h4 class=\"wp-block-heading\"><strong>La gestion des stocks<\/strong><\/h4>\n\n\n\n<p><\/p>\n\n\n\n<figure class=\"wp-block-table has-text-smaller-font-size\"><table class=\"has-ast-global-color-4-background-color has-background has-fixed-layout\"><thead><tr><th><strong>Outil de gestion<\/strong><\/th><th><strong>Avantages<\/strong><\/th><th><strong>Inconv\u00e9nients<\/strong><\/th><\/tr><\/thead><tbody><tr><td><strong>TradeGecko (QuickBooks)<\/strong><\/td><td>Gestion centralis\u00e9e des stocks. Outils d\u2019analyse int\u00e9gr\u00e9s.<\/td><td>Abonnement co\u00fbteux pour les petites entreprises.<\/td><\/tr><tr><td><strong>Sellbrite<\/strong><\/td><td>Permet de vendre sur plusieurs canaux (Amazon, eBay, etc.).<\/td><td>Interface complexe \u00e0 prendre en main.<\/td><\/tr><tr><td><strong>Stocky<\/strong><\/td><td>Outil natif pour Shopify. Pr\u00e9visions et gestion des stocks optimis\u00e9es.<\/td><td>Exclusivement pour Shopify.<\/td><\/tr><tr><td><strong>Zoho Inventory<\/strong><\/td><td>Solution abordable pour petites entreprises. Int\u00e9gration avec d\u2019autres outils Zoho.<\/td><td>Fonctionnalit\u00e9s limit\u00e9es pour les grandes entreprises.<\/td><\/tr><\/tbody><\/table><figcaption class=\"wp-element-caption\"><em>Les outils de gestion de stocks existants<\/em><\/figcaption><\/figure>\n\n\n\n<p><\/p>\n\n\n\n<h5 class=\"wp-block-heading\">Nos conseils pour la gestion des stocks<\/h5>\n\n\n\n<ul class=\"wp-block-list\">\n<li>Si vous g\u00e9rez un inventaire complexe ou vendez sur plusieurs canaux, des outils comme <strong>TradeGecko<\/strong> ou <strong>Sellbrite<\/strong> sont indispensables.<\/li>\n<\/ul>\n\n\n\n<p><\/p>\n\n\n\n<hr class=\"wp-block-separator has-alpha-channel-opacity\"\/>\n\n\n\n<p><\/p>\n\n\n\n<p>Une fois que vous avez \u00e9tabli votre site e-commerce, pensez \u00e0 l&rsquo;acheminement de vos produits jusqu&rsquo;au client final !<\/p>\n\n\n\n<p><\/p>\n\n\n\n<h4 class=\"wp-block-heading\"><strong>Choisissez des transporteurs fiables<\/strong><\/h4>\n\n\n\n<p>Le choix des partenaires de livraison impacte directement l\u2019exp\u00e9rience client. C&rsquo;est pourquoi on vous propose une liste de quelques acteurs majeurs et de leurs particularit\u00e9s.<\/p>\n\n\n\n<p><\/p>\n\n\n\n<figure class=\"wp-block-table has-text-smaller-font-size\"><table class=\"has-ast-global-color-4-background-color has-background has-fixed-layout\"><thead><tr><th><strong>Transporteur<\/strong><\/th><th><strong>Points forts<\/strong><\/th><th><strong>Limites<\/strong><\/th><\/tr><\/thead><tbody><tr><td><strong>Colissimo<\/strong><\/td><td>Fiabilit\u00e9 en France, options suivies.<\/td><td>D\u00e9lais parfois longs hors UE.<\/td><\/tr><tr><td><strong>Chronopost<\/strong><\/td><td>Livraisons express.<\/td><td>Co\u00fbts plus \u00e9lev\u00e9s.<\/td><\/tr><tr><td><strong>DHL<\/strong><\/td><td>Livraison internationale rapide.<\/td><td>Tarifs \u00e9lev\u00e9s pour petits volumes.<\/td><\/tr><tr><td><strong>Mondial Relay<\/strong><\/td><td>Option \u00e9conomique pour la France.<\/td><td>Plus lent, d\u00e9pendance des points relais.<\/td><\/tr><\/tbody><\/table><figcaption class=\"wp-element-caption\"><em>Les diff\u00e9rents transporteurs existants<\/em><\/figcaption><\/figure>\n\n\n\n<p><\/p>\n\n\n\n<h5 class=\"wp-block-heading\">Nos conseils pour la livraison de vos produits<\/h5>\n\n\n\n<ul class=\"wp-block-list\">\n<li>Proposez plusieurs options de livraison (standard, express, relais).<\/li>\n\n\n\n<li>Testez les services pour \u00e9valuer leurs d\u00e9lais et leur qualit\u00e9.<\/li>\n<\/ul>\n\n\n\n<p><\/p>\n\n\n\n<hr class=\"wp-block-separator has-alpha-channel-opacity\"\/>\n\n\n\n<p><\/p>\n\n\n\n<p>Pour rester dans le digital, et outre la possibilit\u00e9 de cr\u00e9ation d&rsquo;un site e-commerce, vous pouvez vous tourner vers la vente par l&rsquo;interm\u00e9diaire d&rsquo;une marketplace.<\/p>\n\n\n\n<p><\/p>\n\n\n\n<h3 class=\"wp-block-heading\"><em>Vendez vos textiles par le biais de marketplaces<\/em><\/h3>\n\n\n\n<p><\/p>\n\n\n\n<p>Les <strong>marketplaces<\/strong>, notamment les plus connues comme <a href=\"https:\/\/www.amazon.fr\/\" target=\"_blank\" rel=\"noreferrer noopener nofollow\">Amazon<\/a> ou Etsy, attirent des millions de visiteurs tous les jours. Vous pourrez donc toucher un maximum de consommateurs sans pour autant avoir \u00e0 construire une audience de z\u00e9ro !<\/p>\n\n\n\n<p><\/p>\n\n\n\n<figure class=\"wp-block-table has-text-smaller-font-size\"><table class=\"has-ast-global-color-4-background-color has-background has-fixed-layout\"><thead><tr><th><strong>Actions<\/strong><\/th><th><strong>Avantages<\/strong><\/th><th><strong>Inconv\u00e9nients<\/strong><\/th><\/tr><\/thead><tbody><tr><td><strong>S\u2019inscrire sur des marketplaces sp\u00e9cialis\u00e9es (ex. : Etsy, Amazon)<\/strong><\/td><td>Visibilit\u00e9 imm\u00e9diate aupr\u00e8s d\u2019un large public. Acc\u00e8s \u00e0 des millions de clients.<\/td><td>Fiche produit \u00e0 optimiser pour le SEO interne. Frais de commission sur les ventes.<\/td><\/tr><tr><td><strong>Optimiser les fiches produits (photos de qualit\u00e9, descriptions optimis\u00e9es)<\/strong><\/td><td>Augmente les chances de conversion. Gagnez du temps en vendant directement \u00e0 des clients.<\/td><td>Beaucoup de concurrence sur certaines marketplaces.<\/td><\/tr><tr><td><strong>Suivre les performances des ventes sur les outils internes de la marketplace<\/strong><\/td><td>Gestion simplifi\u00e9e du stock et des commandes.<\/td><td>Moins de personnalisation de votre image de marque.<\/td><\/tr><tr><td><strong>Ajuster les prix et les promotions pour rester comp\u00e9titif<\/strong><\/td><td>Potentiel de toucher de nouveaux segments de clients. Diversification des ventes.<\/td><td>Difficile d\u2019\u00e9tablir une relation directe avec le client.<\/td><\/tr><\/tbody><\/table><figcaption class=\"wp-element-caption\"><em>Avantages et inconv\u00e9nients d&rsquo;une marketplace<\/em><\/figcaption><\/figure>\n\n\n\n<p><\/p>\n\n\n\n<hr class=\"wp-block-separator has-alpha-channel-opacity\"\/>\n\n\n\n<p><\/p>\n\n\n\n<p>Vous pouvez \u00e9galement opter pour la <strong>cr\u00e9ation d&rsquo;une boutique physique<\/strong> pour la vente de vos v\u00eatements personnalis\u00e9s.<\/p>\n\n\n\n<p><\/p>\n\n\n\n<h3 class=\"wp-block-heading\"><em>Cr\u00e9ez votre point de vente physique<\/em><\/h3>\n\n\n\n<p><\/p>\n\n\n\n<p>Un <strong>pop-up store<\/strong> vous permettra de tester la demande de vos produits, d&rsquo;\u00e9valuer ainsi la r\u00e9ponse de votre public cible et d&rsquo;affiner votre offre avant d&rsquo;ouvrir un point de vente permanent.<\/p>\n\n\n\n<p><\/p>\n\n\n\n<h4 class=\"wp-block-heading\"><strong>Le pop-up store ou corner dans des boutiques partenaires<\/strong><\/h4>\n\n\n\n<p><\/p>\n\n\n\n<figure class=\"wp-block-table has-text-smaller-font-size\"><table class=\"has-ast-global-color-4-background-color has-background has-fixed-layout\"><thead><tr><th><strong>Actions<\/strong><\/th><th><strong>Avantages<\/strong><\/th><th><strong>Inconv\u00e9nients<\/strong><\/th><\/tr><\/thead><tbody><tr><td><strong>Organiser des pop-up stores \u00e9ph\u00e9m\u00e8res dans des lieux strat\u00e9giques (centres commerciaux, festivals)<\/strong><\/td><td>Cr\u00e9e du <strong>trafic local<\/strong> et renforce la notori\u00e9t\u00e9.<br>Interaction directe avec les clients.<\/td><td>D\u00e9pend des locations disponibles. <br>Installation et organisation chronophages.<\/td><\/tr><tr><td><strong>Collaborer avec des boutiques partenaires pour installer un corner de votre marque<\/strong><\/td><td>Toucher un public d\u00e9j\u00e0 int\u00e9ress\u00e9 par la mode. <br>B\u00e9n\u00e9ficier de l\u2019attrait des boutiques reconnues.<\/td><td>Moins de contr\u00f4le sur la pr\u00e9sentation des produits. <br>Moins de marge.<\/td><\/tr><tr><td><strong>Proposer une exp\u00e9rience de shopping personnalis\u00e9e avec des essayages et conseils<\/strong><\/td><td>Renforce l\u2019image locale et fid\u00e9lise les clients. <br>Valorise la marque au contact des consommateurs.<\/td><td>Investissement en temps et en ressources logistiques.<\/td><\/tr><tr><td><strong>Collecter des retours directs des clients apr\u00e8s chaque \u00e9v\u00e9nement<\/strong><\/td><td>\u00c9change direct avec le client pour affiner les collections. <br>Am\u00e9liore l\u2019offre produit.<\/td><td>Moins de pr\u00e9sence durable.<\/td><\/tr><\/tbody><\/table><figcaption class=\"wp-element-caption\"><em>Avantages et inconv\u00e9nients du pop-up store<\/em><\/figcaption><\/figure>\n\n\n\n<p><\/p>\n\n\n\n<p>Vous aurez pu le constater : il existe des tas de mani\u00e8res de vendre vos <strong>v\u00eatements et accessoires personnalis\u00e9s<\/strong> !&nbsp;<\/p>\n\n\n\n<p><strong>Un conseil global<\/strong> : renseignez-vous et pensez \u00e0 toutes les facettes et possibilit\u00e9s de votre projet avant le lancement. Vous mettrez ainsi toutes les chances de votre c\u00f4t\u00e9 pour r\u00e9ussir.<\/p>\n\n\n\n<p><\/p>\n\n\n\n<h2 class=\"wp-block-heading\" id=\"communiquer\">6. Communiquer sur votre nouvelle marque de v\u00eatements<\/h2>\n\n\n\n<p><\/p>\n\n\n\n<p>Tout est pr\u00eat. Il faut d\u00e9sormais vendre&nbsp;<strong>vos v\u00eatements personnalis\u00e9s<\/strong>. Il est indispensable de lancer rapidement la communication pour d\u00e9velopper votre notori\u00e9t\u00e9 et acqu\u00e9rir vos premiers clients. Site web, r\u00e9seaux sociaux, shooting photo\u2026 il ne faut n\u00e9gliger aucune partie, notamment parce que cette communication doit refl\u00e9ter vos valeurs. Il est important de se faire accompagner pour \u00e9laborer une <strong>strat\u00e9gie de communication physique et digitale solide et efficace<\/strong>.<\/p>\n\n\n\n<p><\/p>\n\n\n\n<p>Il y a 2 axes principaux \u00e0 penser : la <strong>communication digitale<\/strong> et les <strong>canaux de vente<\/strong>.<\/p>\n\n\n\n<p><\/p>\n\n\n\n<h3 class=\"wp-block-heading\"><em>Mettez en place un plan de communication digital<\/em><\/h3>\n\n\n\n<p><\/p>\n\n\n\n<p>Dans un premier temps, d\u00e9finissez les objectifs de votre communication. Vous souhaitez augmenter la visibilit\u00e9 de votre marque ? G\u00e9n\u00e9rer du trafic sur votre tout nouveau site e-commerce ? D\u00e9finir cet objectif vous permettra par la suite d&rsquo;axer votre communication pour aller dans ce sens.<\/p>\n\n\n\n<p>Votre public cible est d\u00e9fini, et vous avez votre identit\u00e9 de marque (<em><a href=\"#creation\" rel=\"nofollow\">cf. Partie 1<\/a><\/em>). Alors, place \u00e0 la <strong>s\u00e9lection des canaux de communication adapt\u00e9s<\/strong> !<\/p>\n\n\n\n<p><\/p>\n\n\n\n<figure class=\"wp-block-table has-text-smaller-font-size\"><table class=\"has-ast-global-color-4-background-color has-background has-fixed-layout\"><thead><tr><th><strong>Canal<\/strong><\/th><th><strong>Actions<\/strong><\/th><th><strong>Avantages<\/strong><\/th><\/tr><\/thead><tbody><tr><td><strong>R\u00e9seaux sociaux<\/strong><\/td><td><strong>Instagram <\/strong>: Publiez des photos de vos v\u00eatements port\u00e9s, cr\u00e9ez des stories interactives. <br><strong>TikTok <\/strong>: Partagez des vid\u00e9os virales ou des coulisses de la cr\u00e9ation de vos v\u00eatements. <br><strong>LinkedIn <\/strong>: Ciblez les professionnels pour \u00e9tablir des partenariats ou toucher des distributeurs.<\/td><td>&#8211; Id\u00e9al pour b\u00e2tir une communaut\u00e9<br>&#8211; Format visuel parfait pour la mode<br>&#8211; Visibilit\u00e9 ++<\/td><\/tr><tr><td><strong>Content marketing<\/strong><\/td><td><strong>R\u00e9digez des articles de blog<\/strong> sur les tendances mode ou des conseils (ex. : \u00ab Comment styliser une chemise oversize ? \u00bb). <br>Cr\u00e9ez des <strong>vid\u00e9os tutoriels<\/strong> ou des \u00ab\u00a0<em>behind the scenes<\/em>\u00a0\u00bb montrant votre processus cr\u00e9atif.<\/td><td>&#8211; Am\u00e9liore votre image de marque<br>&#8211; Attire du trafic qualifi\u00e9 vers votre site<br>&#8211; Permet de fid\u00e9liser vos clients \u00e0 travers le partage de vos valeurs<\/td><\/tr><tr><td><strong>SEO (R\u00e9f\u00e9rencement)<\/strong><\/td><td>Recherchez des <strong>mots-cl\u00e9s adapt\u00e9s \u00e0 votre secteur<\/strong> (ex. : \u00ab v\u00eatements \u00e9coresponsables \u00bb, \u00ab look minimaliste \u00bb)<br>Optimisez vos <strong>pages produits<\/strong> et<strong> articles de blog<\/strong>. <br>Obtenez des <strong>backlinks <\/strong>depuis des sites mode reconnus.<\/td><td>&#8211; Augmente la visibilit\u00e9 de votre site dans les moteurs de recherche. <br>&#8211; G\u00e9n\u00e8re un <strong>trafic organique durable<\/strong>.<\/td><\/tr><\/tbody><\/table><figcaption class=\"wp-element-caption\"><em>Les axes \u00e0 \u00e9tudier pour un plan de communication<\/em><\/figcaption><\/figure>\n\n\n\n<p><\/p>\n\n\n\n<h4 class=\"wp-block-heading\"><strong>Cr\u00e9ez un calendrier de communication<\/strong><\/h4>\n\n\n\n<p><\/p>\n\n\n\n<ul class=\"wp-block-list\">\n<li><strong>Quand et \u00e0 quelle fr\u00e9quence vous allez communiquer ?<\/strong><br>Organisez votre communication sur le long terme avec un plan de publication :\n<ul class=\"wp-block-list\">\n<li>D\u00e9finissez la fr\u00e9quence des publications (quotidiennes, hebdomadaires, mensuelles).<\/li>\n\n\n\n<li>Planifiez les campagnes sp\u00e9cifiques : lancements de collections, promotions saisonni\u00e8res, \u00e9v\u00e8nements.<\/li>\n\n\n\n<li>Exemples : publier 3 fois par semaine sur Instagram et LinkedIn, lancer une campagne publicitaire chaque mois.<\/li>\n<\/ul>\n<\/li>\n<\/ul>\n\n\n\n<p><\/p>\n\n\n\n<h4 class=\"wp-block-heading\"><strong>Mesurer les r\u00e9sultats<\/strong><\/h4>\n\n\n\n<p><\/p>\n\n\n\n<ul class=\"wp-block-list\">\n<li><strong>Comment \u00e9valuer l\u2019efficacit\u00e9 de votre communication ?<\/strong><br>Installez des outils de suivi pour analyser les performances de vos actions :\n<ul class=\"wp-block-list\">\n<li><strong>SEO<\/strong> : suivez le trafic organique gr\u00e2ce \u00e0 Google Analytics.<\/li>\n\n\n\n<li><strong>R\u00e9seaux sociaux<\/strong> : utilisez les Insights pour mesurer l&rsquo;engagement et l\u2019interaction.<\/li>\n\n\n\n<li><strong>Emailing<\/strong> : analysez le taux d\u2019ouverture, le taux de clics, et les conversions.<\/li>\n\n\n\n<li><strong>Ventes<\/strong> : comparez les conversions sur chaque canal.<\/li>\n<\/ul>\n<\/li>\n<\/ul>\n\n\n\n<p><\/p>\n\n\n\n<hr class=\"wp-block-separator has-alpha-channel-opacity\"\/>\n\n\n\n<p><\/p>\n\n\n\n<h2 class=\"wp-block-heading\">FAQ sur la cr\u00e9ation&nbsp;d&rsquo;une marque de v\u00eatement<\/h2>\n\n\n\n<p><\/p>\n\n\n\n<h3 class=\"wp-block-heading\">Quelles sont les \u00e9tapes cl\u00e9s pour lancer une marque de v\u00eatements ?<\/h3>\n\n\n\n<p>Pour r\u00e9sumer tout ce que nous vous avons dit dans cet article : <strong>Lancer une marque de v\u00eatements<\/strong>, \u00e7a commence par une \u00e9tude approfondie du march\u00e9. Vous pourrez ainsi bien comprendre les besoins de votre client\u00e8le cible et votre concurrence. Ensuite, d\u00e9finissez clairement l\u2019identit\u00e9 de votre marque, en travaillant sur son style, ses valeurs et sa mission. Il faut ensuite passer \u00e0 la cr\u00e9ation des mod\u00e8les, choisir les mati\u00e8res et les tissus, et concevoir des prototypes avant de proc\u00e9der \u00e0 la fabrication du stock initial. Enfin, planifiez une strat\u00e9gie de distribution, en s\u00e9lectionnant les canaux de vente adapt\u00e9s, que ce soit l\u2019e-commerce, les&nbsp;marketplaces ou les points de vente physiques.<\/p>\n\n\n\n<p><\/p>\n\n\n\n<h3 class=\"wp-block-heading\">Quel budget pr\u00e9voir pour cr\u00e9er sa marque de v\u00eatements ?<\/h3>\n\n\n\n<p><\/p>\n\n\n\n<p>Le budget n\u00e9cessaire pour lancer une marque de v\u00eatements peut varier selon la taille du projet, mais il est important de <strong>bien le structurer<\/strong>. Si vous choisissez de d\u00e9l\u00e9guer l\u2019\u00e9tude du march\u00e9, cela peut vous co\u00fbter entre 500 et 2 000&nbsp;\u20ac. Ensuite, le prototypage des mod\u00e8les peut repr\u00e9senter un investissement compris entre 1 000 et 10 000 \u20ac environ. Le sourcing des mati\u00e8res et la fabrication des premiers stocks n\u00e9cessitent un budget compris entre 2 000 et 50 000 \u20ac, selon les quantit\u00e9s. Enfin, la mise en place du site e-commerce et les campagnes de communication peuvent demander un budget de 3 000 \u00e0 20 000 \u20ac, avec un <strong>budget global compris entre 20 000 et 100 000&nbsp;\u20ac<\/strong>.<\/p>\n\n\n\n<p><\/p>\n\n\n\n<hr class=\"wp-block-separator has-alpha-channel-opacity\"\/>\n\n\n\n<p><\/p>\n\n\n\n<h2 class=\"wp-block-heading\"><strong>MAINGAUCHE accompagne les cr\u00e9ateurs de marque<\/strong><\/h2>\n\n\n\n<p><\/p>\n\n\n\n<p>Vous lancez votre marque et votre projet est d\u00e9j\u00e0 \u00e0 un&nbsp;<strong>stade assez avanc\u00e9<\/strong>&nbsp;?<\/p>\n\n\n\n<p>Si vous \u00eates sur le point de d\u00e9marrer votre activit\u00e9, vous pouvez nous contacter maintenant. Nous travaillons avec vous&nbsp;<strong>\u00e0 partir de 10 pi\u00e8ces \u00e0 personnaliser<\/strong>.<\/p>\n\n\n\n<p>Parmi nos r\u00e9alisations pour des marques:<\/p>\n\n\n\n<ul class=\"wp-block-list\">\n<li><strong>Leaflong,<\/strong>&nbsp;jeune marque fran\u00e7aise de mode \u00e9co-responsable, a fait appel \u00e0 MAINGAUCHE pour l&rsquo;accompagner dans le lancement de sa nouvelle collection.<\/li>\n\n\n\n<li><strong>Netbor,<\/strong>&nbsp;une jeune marque \u00e9thique a personnalis\u00e9 ses t-shirts bio pour compl\u00e9ter sa collection.<\/li>\n\n\n\n<li><strong>Avanchine Line<\/strong>&nbsp;s&rsquo;est tourn\u00e9 vers MAINGAUCHE&nbsp;pour la personnalisation d&rsquo;une collection de textiles en <strong>coton biologique<\/strong>.<\/li>\n\n\n\n<li><strong>Cobero&nbsp;<\/strong>: d\u00e9couvrez les <strong>t-shirts personnalis\u00e9s bio<\/strong> avec des \u00e9cussons coll\u00e9s afin d&rsquo;\u00e9toffer leur gamme de t-shirts \u00e0 vendre.<\/li>\n\n\n\n<li><strong>Eleve Skills :<\/strong>&nbsp;Personnalisation de t-shirts par des cr\u00e9ateurs de marque afin d&rsquo;\u00e9toffer leurs gammes de v\u00eatements.<\/li>\n<\/ul>\n","protected":false},"excerpt":{"rendered":"<p>MAINGAUCHE, qui accompagne des entrepreneurs du textile depuis plus de 17 ans, vous livre les 6 \u00e9tapes \u00e0 respecter pour le lancement de votre marque de textile.<\/p>\n","protected":false},"author":18,"featured_media":6820,"comment_status":"closed","ping_status":"closed","sticky":false,"template":"","format":"standard","meta":{"_yoast_wpseo_metadesc":"D\u00e9couvrez les 6 \u00e9tapes indispensables pour cr\u00e9er votre marque de v\u00eatements en 2025. MAINGAUCHE partage son expertise apr\u00e8s 17 ans avec les pros.","_monsterinsights_skip_tracking":false,"_monsterinsights_sitenote_active":false,"_monsterinsights_sitenote_note":"","_monsterinsights_sitenote_category":0,"site-sidebar-layout":"default","site-content-layout":"","ast-site-content-layout":"default","site-content-style":"default","site-sidebar-style":"default","ast-global-header-display":"","ast-banner-title-visibility":"","ast-main-header-display":"","ast-hfb-above-header-display":"","ast-hfb-below-header-display":"","ast-hfb-mobile-header-display":"","site-post-title":"","ast-breadcrumbs-content":"","ast-featured-img":"disabled","footer-sml-layout":"","ast-disable-related-posts":"","theme-transparent-header-meta":"","adv-header-id-meta":"","stick-header-meta":"","header-above-stick-meta":"","header-main-stick-meta":"","header-below-stick-meta":"","astra-migrate-meta-layouts":"set","ast-page-background-enabled":"default","ast-page-background-meta":{"desktop":{"background-color":"","background-image":"","background-repeat":"repeat","background-position":"center center","background-size":"auto","background-attachment":"scroll","background-type":"","background-media":"","overlay-type":"","overlay-color":"","overlay-opacity":"","overlay-gradient":""},"tablet":{"background-color":"","background-image":"","background-repeat":"repeat","background-position":"center center","background-size":"auto","background-attachment":"scroll","background-type":"","background-media":"","overlay-type":"","overlay-color":"","overlay-opacity":"","overlay-gradient":""},"mobile":{"background-color":"","background-image":"","background-repeat":"repeat","background-position":"center center","background-size":"auto","background-attachment":"scroll","background-type":"","background-media":"","overlay-type":"","overlay-color":"","overlay-opacity":"","overlay-gradient":""}},"ast-content-background-meta":{"desktop":{"background-color":"var(--ast-global-color-5)","background-image":"","background-repeat":"repeat","background-position":"center center","background-size":"auto","background-attachment":"scroll","background-type":"","background-media":"","overlay-type":"","overlay-color":"","overlay-opacity":"","overlay-gradient":""},"tablet":{"background-color":"var(--ast-global-color-5)","background-image":"","background-repeat":"repeat","background-position":"center center","background-size":"auto","background-attachment":"scroll","background-type":"","background-media":"","overlay-type":"","overlay-color":"","overlay-opacity":"","overlay-gradient":""},"mobile":{"background-color":"var(--ast-global-color-5)","background-image":"","background-repeat":"repeat","background-position":"center center","background-size":"auto","background-attachment":"scroll","background-type":"","background-media":"","overlay-type":"","overlay-color":"","overlay-opacity":"","overlay-gradient":""}},"footnotes":""},"categories":[135],"tags":[118],"class_list":["post-2332","post","type-post","status-publish","format-standard","has-post-thumbnail","hentry","category-conseils","tag-marques"],"yoast_head":"<!-- This site is optimized with the Yoast SEO plugin v27.5 - https:\/\/yoast.com\/product\/yoast-seo-wordpress\/ -->\n<title>Comment cr\u00e9er sa marque de v\u00eatements en 2026<\/title>\n<meta name=\"description\" content=\"D\u00e9couvrez les 6 \u00e9tapes indispensables pour cr\u00e9er votre marque de v\u00eatements en 2025. MAINGAUCHE partage son expertise apr\u00e8s 17 ans avec les pros.\" \/>\n<meta name=\"robots\" content=\"index, follow, max-snippet:-1, max-image-preview:large, max-video-preview:-1\" \/>\n<link rel=\"canonical\" href=\"https:\/\/b.main-gauche.com\/creer-sa-marque-de-vetements-en-6-etapes\/\" \/>\n<meta property=\"og:locale\" content=\"fr_FR\" \/>\n<meta property=\"og:type\" content=\"article\" \/>\n<meta property=\"og:title\" content=\"Comment cr\u00e9er sa marque de v\u00eatements en 2026\" \/>\n<meta property=\"og:description\" content=\"D\u00e9couvrez les 6 \u00e9tapes indispensables pour cr\u00e9er votre marque de v\u00eatements en 2025. MAINGAUCHE partage son expertise apr\u00e8s 17 ans avec les pros.\" \/>\n<meta property=\"og:url\" content=\"https:\/\/b.main-gauche.com\/creer-sa-marque-de-vetements-en-6-etapes\/\" \/>\n<meta property=\"og:site_name\" content=\"MAINGAUCHE - Le blog\" \/>\n<meta property=\"article:publisher\" content=\"https:\/\/www.facebook.com\/main.gauche.imprimeur\/?locale=fr_FR\" \/>\n<meta property=\"article:published_time\" content=\"2025-08-05T11:53:35+00:00\" \/>\n<meta property=\"article:modified_time\" content=\"2026-03-24T08:55:52+00:00\" \/>\n<meta property=\"og:image\" content=\"https:\/\/b.main-gauche.com\/wp-content\/uploads\/2020\/10\/creer-marque-vetements.webp\" \/>\n\t<meta property=\"og:image:width\" content=\"1920\" \/>\n\t<meta property=\"og:image:height\" content=\"1080\" \/>\n\t<meta property=\"og:image:type\" content=\"image\/webp\" \/>\n<meta name=\"author\" content=\"Ana\u00efs\" \/>\n<meta name=\"twitter:card\" content=\"summary_large_image\" \/>\n<meta name=\"twitter:label1\" content=\"\u00c9crit par\" \/>\n\t<meta name=\"twitter:data1\" content=\"Ana\u00efs\" \/>\n\t<meta name=\"twitter:label2\" content=\"Dur\u00e9e de lecture estim\u00e9e\" \/>\n\t<meta name=\"twitter:data2\" content=\"28 minutes\" \/>\n<script type=\"application\/ld+json\" class=\"yoast-schema-graph\">{\"@context\":\"https:\\\/\\\/schema.org\",\"@graph\":[{\"@type\":[\"Article\",\"BlogPosting\"],\"@id\":\"https:\\\/\\\/b.main-gauche.com\\\/creer-sa-marque-de-vetements-en-6-etapes\\\/#article\",\"isPartOf\":{\"@id\":\"https:\\\/\\\/b.main-gauche.com\\\/creer-sa-marque-de-vetements-en-6-etapes\\\/\"},\"author\":{\"name\":\"Ana\u00efs\",\"@id\":\"https:\\\/\\\/b.main-gauche.com\\\/#\\\/schema\\\/person\\\/c5308077be46ed0e56bc195c9bc66d14\"},\"headline\":\"Comment cr\u00e9er sa marque de v\u00eatements en 2026\",\"datePublished\":\"2025-08-05T11:53:35+00:00\",\"dateModified\":\"2026-03-24T08:55:52+00:00\",\"mainEntityOfPage\":{\"@id\":\"https:\\\/\\\/b.main-gauche.com\\\/creer-sa-marque-de-vetements-en-6-etapes\\\/\"},\"wordCount\":5863,\"publisher\":{\"@id\":\"https:\\\/\\\/b.main-gauche.com\\\/#organization\"},\"image\":{\"@id\":\"https:\\\/\\\/b.main-gauche.com\\\/creer-sa-marque-de-vetements-en-6-etapes\\\/#primaryimage\"},\"thumbnailUrl\":\"https:\\\/\\\/b.main-gauche.com\\\/wp-content\\\/uploads\\\/2020\\\/10\\\/creer-marque-vetements.webp\",\"keywords\":[\"Marques\"],\"articleSection\":[\"Conseils\"],\"inLanguage\":\"fr-FR\"},{\"@type\":\"WebPage\",\"@id\":\"https:\\\/\\\/b.main-gauche.com\\\/creer-sa-marque-de-vetements-en-6-etapes\\\/\",\"url\":\"https:\\\/\\\/b.main-gauche.com\\\/creer-sa-marque-de-vetements-en-6-etapes\\\/\",\"name\":\"Comment cr\u00e9er sa marque de v\u00eatements en 2026\",\"isPartOf\":{\"@id\":\"https:\\\/\\\/b.main-gauche.com\\\/#website\"},\"primaryImageOfPage\":{\"@id\":\"https:\\\/\\\/b.main-gauche.com\\\/creer-sa-marque-de-vetements-en-6-etapes\\\/#primaryimage\"},\"image\":{\"@id\":\"https:\\\/\\\/b.main-gauche.com\\\/creer-sa-marque-de-vetements-en-6-etapes\\\/#primaryimage\"},\"thumbnailUrl\":\"https:\\\/\\\/b.main-gauche.com\\\/wp-content\\\/uploads\\\/2020\\\/10\\\/creer-marque-vetements.webp\",\"datePublished\":\"2025-08-05T11:53:35+00:00\",\"dateModified\":\"2026-03-24T08:55:52+00:00\",\"description\":\"D\u00e9couvrez les 6 \u00e9tapes indispensables pour cr\u00e9er votre marque de v\u00eatements en 2025. MAINGAUCHE partage son expertise apr\u00e8s 17 ans avec les pros.\",\"breadcrumb\":{\"@id\":\"https:\\\/\\\/b.main-gauche.com\\\/creer-sa-marque-de-vetements-en-6-etapes\\\/#breadcrumb\"},\"inLanguage\":\"fr-FR\",\"potentialAction\":[{\"@type\":\"ReadAction\",\"target\":[\"https:\\\/\\\/b.main-gauche.com\\\/creer-sa-marque-de-vetements-en-6-etapes\\\/\"]}]},{\"@type\":\"ImageObject\",\"inLanguage\":\"fr-FR\",\"@id\":\"https:\\\/\\\/b.main-gauche.com\\\/creer-sa-marque-de-vetements-en-6-etapes\\\/#primaryimage\",\"url\":\"https:\\\/\\\/b.main-gauche.com\\\/wp-content\\\/uploads\\\/2020\\\/10\\\/creer-marque-vetements.webp\",\"contentUrl\":\"https:\\\/\\\/b.main-gauche.com\\\/wp-content\\\/uploads\\\/2020\\\/10\\\/creer-marque-vetements.webp\",\"width\":1920,\"height\":1080,\"caption\":\"Les \u00e9tapes de la cr\u00e9ation d'une marque de v\u00eatements en 2025\"},{\"@type\":\"BreadcrumbList\",\"@id\":\"https:\\\/\\\/b.main-gauche.com\\\/creer-sa-marque-de-vetements-en-6-etapes\\\/#breadcrumb\",\"itemListElement\":[{\"@type\":\"ListItem\",\"position\":1,\"name\":\"Accueil\",\"item\":\"https:\\\/\\\/b.main-gauche.com\\\/\"},{\"@type\":\"ListItem\",\"position\":2,\"name\":\"Comment cr\u00e9er sa marque de v\u00eatements en 2026\"}]},{\"@type\":\"WebSite\",\"@id\":\"https:\\\/\\\/b.main-gauche.com\\\/#website\",\"url\":\"https:\\\/\\\/b.main-gauche.com\\\/\",\"name\":\"MAINGAUCHE - Le blog\",\"description\":\"\",\"publisher\":{\"@id\":\"https:\\\/\\\/b.main-gauche.com\\\/#organization\"},\"potentialAction\":[{\"@type\":\"SearchAction\",\"target\":{\"@type\":\"EntryPoint\",\"urlTemplate\":\"https:\\\/\\\/b.main-gauche.com\\\/?s={search_term_string}\"},\"query-input\":{\"@type\":\"PropertyValueSpecification\",\"valueRequired\":true,\"valueName\":\"search_term_string\"}}],\"inLanguage\":\"fr-FR\"},{\"@type\":\"Organization\",\"@id\":\"https:\\\/\\\/b.main-gauche.com\\\/#organization\",\"name\":\"MAINGAUCHE\",\"url\":\"https:\\\/\\\/b.main-gauche.com\\\/\",\"logo\":{\"@type\":\"ImageObject\",\"inLanguage\":\"fr-FR\",\"@id\":\"https:\\\/\\\/b.main-gauche.com\\\/#\\\/schema\\\/logo\\\/image\\\/\",\"url\":\"https:\\\/\\\/b.main-gauche.com\\\/wp-content\\\/uploads\\\/2025\\\/12\\\/logo-website-maingauche.svg\",\"contentUrl\":\"https:\\\/\\\/b.main-gauche.com\\\/wp-content\\\/uploads\\\/2025\\\/12\\\/logo-website-maingauche.svg\",\"width\":180,\"height\":60,\"caption\":\"MAINGAUCHE\"},\"image\":{\"@id\":\"https:\\\/\\\/b.main-gauche.com\\\/#\\\/schema\\\/logo\\\/image\\\/\"},\"sameAs\":[\"https:\\\/\\\/www.facebook.com\\\/main.gauche.imprimeur\\\/?locale=fr_FR\",\"https:\\\/\\\/www.instagram.com\\\/main_gauche_imprimeur\\\/\"]},{\"@type\":\"Person\",\"@id\":\"https:\\\/\\\/b.main-gauche.com\\\/#\\\/schema\\\/person\\\/c5308077be46ed0e56bc195c9bc66d14\",\"name\":\"Ana\u00efs\",\"image\":{\"@type\":\"ImageObject\",\"inLanguage\":\"fr-FR\",\"@id\":\"https:\\\/\\\/secure.gravatar.com\\\/avatar\\\/40a2b1c0a711fb858aaf07d29a3ba696f6b33f500bac8ced2619bbc01e1ec1d0?s=96&d=mm&r=g\",\"url\":\"https:\\\/\\\/secure.gravatar.com\\\/avatar\\\/40a2b1c0a711fb858aaf07d29a3ba696f6b33f500bac8ced2619bbc01e1ec1d0?s=96&d=mm&r=g\",\"contentUrl\":\"https:\\\/\\\/secure.gravatar.com\\\/avatar\\\/40a2b1c0a711fb858aaf07d29a3ba696f6b33f500bac8ced2619bbc01e1ec1d0?s=96&d=mm&r=g\",\"caption\":\"Ana\u00efs\"},\"description\":\"Je suis Ana\u00efs, cr\u00e9atrice de contenus chez MAINGAUCHE. Je mets \u00e0 profit mon expertise pour inspirer et faciliter la r\u00e9alisation de vos ambitions textiles. \u00c0 travers mes articles, je m'efforce de valoriser les meilleures pratiques du secteur, en offrant des conseils pratiques et des perspectives innovantes pour transformer vos id\u00e9es en projets r\u00e9ussis.\",\"url\":\"https:\\\/\\\/b.main-gauche.com\\\/author\\\/anais-vicente\\\/\"}]}<\/script>\n<!-- \/ Yoast SEO plugin. -->","yoast_head_json":{"title":"Comment cr\u00e9er sa marque de v\u00eatements en 2026","description":"D\u00e9couvrez les 6 \u00e9tapes indispensables pour cr\u00e9er votre marque de v\u00eatements en 2025. MAINGAUCHE partage son expertise apr\u00e8s 17 ans avec les pros.","robots":{"index":"index","follow":"follow","max-snippet":"max-snippet:-1","max-image-preview":"max-image-preview:large","max-video-preview":"max-video-preview:-1"},"canonical":"https:\/\/b.main-gauche.com\/creer-sa-marque-de-vetements-en-6-etapes\/","og_locale":"fr_FR","og_type":"article","og_title":"Comment cr\u00e9er sa marque de v\u00eatements en 2026","og_description":"D\u00e9couvrez les 6 \u00e9tapes indispensables pour cr\u00e9er votre marque de v\u00eatements en 2025. MAINGAUCHE partage son expertise apr\u00e8s 17 ans avec les pros.","og_url":"https:\/\/b.main-gauche.com\/creer-sa-marque-de-vetements-en-6-etapes\/","og_site_name":"MAINGAUCHE - Le blog","article_publisher":"https:\/\/www.facebook.com\/main.gauche.imprimeur\/?locale=fr_FR","article_published_time":"2025-08-05T11:53:35+00:00","article_modified_time":"2026-03-24T08:55:52+00:00","og_image":[{"width":1920,"height":1080,"url":"https:\/\/b.main-gauche.com\/wp-content\/uploads\/2020\/10\/creer-marque-vetements.webp","type":"image\/webp"}],"author":"Ana\u00efs","twitter_card":"summary_large_image","twitter_misc":{"\u00c9crit par":"Ana\u00efs","Dur\u00e9e de lecture estim\u00e9e":"28 minutes"},"schema":{"@context":"https:\/\/schema.org","@graph":[{"@type":["Article","BlogPosting"],"@id":"https:\/\/b.main-gauche.com\/creer-sa-marque-de-vetements-en-6-etapes\/#article","isPartOf":{"@id":"https:\/\/b.main-gauche.com\/creer-sa-marque-de-vetements-en-6-etapes\/"},"author":{"name":"Ana\u00efs","@id":"https:\/\/b.main-gauche.com\/#\/schema\/person\/c5308077be46ed0e56bc195c9bc66d14"},"headline":"Comment cr\u00e9er sa marque de v\u00eatements en 2026","datePublished":"2025-08-05T11:53:35+00:00","dateModified":"2026-03-24T08:55:52+00:00","mainEntityOfPage":{"@id":"https:\/\/b.main-gauche.com\/creer-sa-marque-de-vetements-en-6-etapes\/"},"wordCount":5863,"publisher":{"@id":"https:\/\/b.main-gauche.com\/#organization"},"image":{"@id":"https:\/\/b.main-gauche.com\/creer-sa-marque-de-vetements-en-6-etapes\/#primaryimage"},"thumbnailUrl":"https:\/\/b.main-gauche.com\/wp-content\/uploads\/2020\/10\/creer-marque-vetements.webp","keywords":["Marques"],"articleSection":["Conseils"],"inLanguage":"fr-FR"},{"@type":"WebPage","@id":"https:\/\/b.main-gauche.com\/creer-sa-marque-de-vetements-en-6-etapes\/","url":"https:\/\/b.main-gauche.com\/creer-sa-marque-de-vetements-en-6-etapes\/","name":"Comment cr\u00e9er sa marque de v\u00eatements en 2026","isPartOf":{"@id":"https:\/\/b.main-gauche.com\/#website"},"primaryImageOfPage":{"@id":"https:\/\/b.main-gauche.com\/creer-sa-marque-de-vetements-en-6-etapes\/#primaryimage"},"image":{"@id":"https:\/\/b.main-gauche.com\/creer-sa-marque-de-vetements-en-6-etapes\/#primaryimage"},"thumbnailUrl":"https:\/\/b.main-gauche.com\/wp-content\/uploads\/2020\/10\/creer-marque-vetements.webp","datePublished":"2025-08-05T11:53:35+00:00","dateModified":"2026-03-24T08:55:52+00:00","description":"D\u00e9couvrez les 6 \u00e9tapes indispensables pour cr\u00e9er votre marque de v\u00eatements en 2025. MAINGAUCHE partage son expertise apr\u00e8s 17 ans avec les pros.","breadcrumb":{"@id":"https:\/\/b.main-gauche.com\/creer-sa-marque-de-vetements-en-6-etapes\/#breadcrumb"},"inLanguage":"fr-FR","potentialAction":[{"@type":"ReadAction","target":["https:\/\/b.main-gauche.com\/creer-sa-marque-de-vetements-en-6-etapes\/"]}]},{"@type":"ImageObject","inLanguage":"fr-FR","@id":"https:\/\/b.main-gauche.com\/creer-sa-marque-de-vetements-en-6-etapes\/#primaryimage","url":"https:\/\/b.main-gauche.com\/wp-content\/uploads\/2020\/10\/creer-marque-vetements.webp","contentUrl":"https:\/\/b.main-gauche.com\/wp-content\/uploads\/2020\/10\/creer-marque-vetements.webp","width":1920,"height":1080,"caption":"Les \u00e9tapes de la cr\u00e9ation d'une marque de v\u00eatements en 2025"},{"@type":"BreadcrumbList","@id":"https:\/\/b.main-gauche.com\/creer-sa-marque-de-vetements-en-6-etapes\/#breadcrumb","itemListElement":[{"@type":"ListItem","position":1,"name":"Accueil","item":"https:\/\/b.main-gauche.com\/"},{"@type":"ListItem","position":2,"name":"Comment cr\u00e9er sa marque de v\u00eatements en 2026"}]},{"@type":"WebSite","@id":"https:\/\/b.main-gauche.com\/#website","url":"https:\/\/b.main-gauche.com\/","name":"MAINGAUCHE - Le blog","description":"","publisher":{"@id":"https:\/\/b.main-gauche.com\/#organization"},"potentialAction":[{"@type":"SearchAction","target":{"@type":"EntryPoint","urlTemplate":"https:\/\/b.main-gauche.com\/?s={search_term_string}"},"query-input":{"@type":"PropertyValueSpecification","valueRequired":true,"valueName":"search_term_string"}}],"inLanguage":"fr-FR"},{"@type":"Organization","@id":"https:\/\/b.main-gauche.com\/#organization","name":"MAINGAUCHE","url":"https:\/\/b.main-gauche.com\/","logo":{"@type":"ImageObject","inLanguage":"fr-FR","@id":"https:\/\/b.main-gauche.com\/#\/schema\/logo\/image\/","url":"https:\/\/b.main-gauche.com\/wp-content\/uploads\/2025\/12\/logo-website-maingauche.svg","contentUrl":"https:\/\/b.main-gauche.com\/wp-content\/uploads\/2025\/12\/logo-website-maingauche.svg","width":180,"height":60,"caption":"MAINGAUCHE"},"image":{"@id":"https:\/\/b.main-gauche.com\/#\/schema\/logo\/image\/"},"sameAs":["https:\/\/www.facebook.com\/main.gauche.imprimeur\/?locale=fr_FR","https:\/\/www.instagram.com\/main_gauche_imprimeur\/"]},{"@type":"Person","@id":"https:\/\/b.main-gauche.com\/#\/schema\/person\/c5308077be46ed0e56bc195c9bc66d14","name":"Ana\u00efs","image":{"@type":"ImageObject","inLanguage":"fr-FR","@id":"https:\/\/secure.gravatar.com\/avatar\/40a2b1c0a711fb858aaf07d29a3ba696f6b33f500bac8ced2619bbc01e1ec1d0?s=96&d=mm&r=g","url":"https:\/\/secure.gravatar.com\/avatar\/40a2b1c0a711fb858aaf07d29a3ba696f6b33f500bac8ced2619bbc01e1ec1d0?s=96&d=mm&r=g","contentUrl":"https:\/\/secure.gravatar.com\/avatar\/40a2b1c0a711fb858aaf07d29a3ba696f6b33f500bac8ced2619bbc01e1ec1d0?s=96&d=mm&r=g","caption":"Ana\u00efs"},"description":"Je suis Ana\u00efs, cr\u00e9atrice de contenus chez MAINGAUCHE. Je mets \u00e0 profit mon expertise pour inspirer et faciliter la r\u00e9alisation de vos ambitions textiles. \u00c0 travers mes articles, je m'efforce de valoriser les meilleures pratiques du secteur, en offrant des conseils pratiques et des perspectives innovantes pour transformer vos id\u00e9es en projets r\u00e9ussis.","url":"https:\/\/b.main-gauche.com\/author\/anais-vicente\/"}]}},"_links":{"self":[{"href":"https:\/\/b.main-gauche.com\/wp-json\/wp\/v2\/posts\/2332","targetHints":{"allow":["GET"]}}],"collection":[{"href":"https:\/\/b.main-gauche.com\/wp-json\/wp\/v2\/posts"}],"about":[{"href":"https:\/\/b.main-gauche.com\/wp-json\/wp\/v2\/types\/post"}],"author":[{"embeddable":true,"href":"https:\/\/b.main-gauche.com\/wp-json\/wp\/v2\/users\/18"}],"replies":[{"embeddable":true,"href":"https:\/\/b.main-gauche.com\/wp-json\/wp\/v2\/comments?post=2332"}],"version-history":[{"count":24,"href":"https:\/\/b.main-gauche.com\/wp-json\/wp\/v2\/posts\/2332\/revisions"}],"predecessor-version":[{"id":7909,"href":"https:\/\/b.main-gauche.com\/wp-json\/wp\/v2\/posts\/2332\/revisions\/7909"}],"wp:featuredmedia":[{"embeddable":true,"href":"https:\/\/b.main-gauche.com\/wp-json\/wp\/v2\/media\/6820"}],"wp:attachment":[{"href":"https:\/\/b.main-gauche.com\/wp-json\/wp\/v2\/media?parent=2332"}],"wp:term":[{"taxonomy":"category","embeddable":true,"href":"https:\/\/b.main-gauche.com\/wp-json\/wp\/v2\/categories?post=2332"},{"taxonomy":"post_tag","embeddable":true,"href":"https:\/\/b.main-gauche.com\/wp-json\/wp\/v2\/tags?post=2332"}],"curies":[{"name":"wp","href":"https:\/\/api.w.org\/{rel}","templated":true}]}}