{"id":2253,"date":"2022-09-15T10:28:00","date_gmt":"2022-09-15T09:28:00","guid":{"rendered":"http:\/\/15.237.241.159\/?p=2253"},"modified":"2026-03-24T09:50:27","modified_gmt":"2026-03-24T08:50:27","slug":"creer-vetements-bde-association-etudiante","status":"publish","type":"post","link":"https:\/\/b.main-gauche.com\/creer-vetements-bde-association-etudiante\/","title":{"rendered":"Cr\u00e9er des v\u00eatements pour son association \u00e9tudiante en 3 \u00e9tapes"},"content":{"rendered":"\n<p>Vous \u00eates le pr\u00e9sident ou un membre<strong>&nbsp;d\u2019un Bureau<\/strong>&nbsp;<strong>des \u00e9tudiants (BDE), d\u2019un Bureau des sports (BDS) ou d\u2019une autre association \u00e9tudiante<\/strong>&nbsp;de votre \u00e9cole, et vous souhaitez&nbsp;cr\u00e9er des v\u00eatements uniques&nbsp;pour lancer votre campagne ? Vous \u00eates au bon endroit !&nbsp;<\/p>\n\n\n\n<p>Chaque ann\u00e9e nous recevons de nombreuses demandes de la part d\u2019\u00e9tudiants pour imprimer ou broder des <a href=\"https:\/\/main-gauche.com\/personnaliser\/vetements\" target=\"_blank\" rel=\"noreferrer noopener\">v\u00eatements<\/a> et <a href=\"https:\/\/main-gauche.com\/personnaliser\/accessoires\" target=\"_blank\" rel=\"noreferrer noopener\">accessoires<\/a>, \u00e0 l\u2019effigie de leur association ou de leur promotion.<\/p>\n\n\n\n<p>Si c&rsquo;est la premi\u00e8re fois que vous vous lancez dans la personnalisation de v\u00eatements pour \u00e9tudiants, assurez-vous d&rsquo;\u00e9viter certaines erreurs. <strong>Suivez ces 3 \u00e9tapes pour cr\u00e9er les v\u00eatements parfaits !<\/strong><\/p>\n\n\n\n<p><\/p>\n\n\n\n<p><strong>Sommaire<\/strong><\/p>\n\n\n\n<ol class=\"wp-block-list\">\n<li><a href=\"#choisir\">Choisir des textiles personnalisables pour \u00e9tudiants<\/a><\/li>\n\n\n\n<li><a href=\"#visuel\">Cr\u00e9er un visuel attractif et original<\/a><\/li>\n\n\n\n<li><a href=\"#technique\">Choisir la technique de la marquage<\/a><\/li>\n<\/ol>\n\n\n\n<p><\/p>\n\n\n\n<h2 class=\"wp-block-heading\" id=\"choisir\">1. Choisir des textiles personnalisables pour \u00e9tudiants<\/h2>\n\n\n\n<p><\/p>\n\n\n\n<p>Commencez par d\u00e9terminer quels styles de textiles vous souhaitez personnaliser : <strong>casquettes<\/strong>, <a href=\"https:\/\/main-gauche.com\/personnaliser\/chemises\" target=\"_blank\" rel=\"noreferrer noopener\">chemises<\/a>, <strong>bonnets, polos, t-shirts<\/strong>&#8230;etc. En offrant aux \u00e9tudiants une vari\u00e9t\u00e9 d&rsquo;options parmi lesquelles choisir, vous augmentez vos chances que tout le monde y trouve son compte et soit satisfait.&nbsp;&nbsp;&nbsp;<\/p>\n\n\n\n<p><\/p>\n\n\n\n<h3 class=\"wp-block-heading\"><em>Le sweat personnalis\u00e9 brod\u00e9 ou imprim\u00e9<\/em><\/h3>\n\n\n\n<p><\/p>\n\n\n\n<figure class=\"wp-block-image aligncenter size-full is-resized is-style-small-rounded\"><img fetchpriority=\"high\" decoding=\"async\" width=\"919\" height=\"536\" src=\"https:\/\/main-gauche.com\/blogs\/wp-content\/uploads\/2024\/07\/sweats-a-capuche-personnalises.webp\" alt=\"Sweats \u00e0 capuche personnalis\u00e9s BDE\" class=\"wp-image-3890\" style=\"width:476px\" srcset=\"https:\/\/b.main-gauche.com\/wp-content\/uploads\/2024\/07\/sweats-a-capuche-personnalises.webp 919w, https:\/\/b.main-gauche.com\/wp-content\/uploads\/2024\/07\/sweats-a-capuche-personnalises-300x175.webp 300w, https:\/\/b.main-gauche.com\/wp-content\/uploads\/2024\/07\/sweats-a-capuche-personnalises-768x448.webp 768w, https:\/\/b.main-gauche.com\/wp-content\/uploads\/2024\/07\/sweats-a-capuche-personnalises-800x467.webp 800w\" sizes=\"(max-width: 919px) 100vw, 919px\" \/><\/figure>\n\n\n\n<p><\/p>\n\n\n\n<p>Ador\u00e9 par les BDE, le sweat est le textile incontournable pour les \u00e9tudiants ! \u00c0 capuche, \u00e0 col rond ou zipp\u00e9, le sweat sera la pi\u00e8ce parfaite pour \u00e9quiper les membres de votre \u00e9cole ou de votre association. Customisez des sweats pour \u00e9tudiants aux couleurs de votre \u00e9cole ou de votre association afin d\u2019\u00eatre facilement reconnaissable !<\/p>\n\n\n\n<p class=\"has-text-align-center\"><strong>\u27a1 <\/strong><a href=\"https:\/\/main-gauche.com\/personnaliser\/sweats?utm_source=Site&amp;utm_medium=Blog&amp;utm_campaign=creer-textile-personnalises-etudiants-280324\" target=\"_blank\" rel=\"noreferrer noopener\">NOS SWEATS PERSONNALISABLES<\/a><strong>&nbsp;\u2b05<\/strong><\/p>\n\n\n\n<p><\/p>\n\n\n\n<h3 class=\"wp-block-heading\"><em>Le t-shirt personnalis\u00e9 pour \u00e9tudiant<\/em><\/h3>\n\n\n\n<p><\/p>\n\n\n\n<figure class=\"wp-block-image aligncenter size-full is-resized is-style-small-rounded\"><img decoding=\"async\" width=\"916\" height=\"536\" src=\"https:\/\/main-gauche.com\/blogs\/wp-content\/uploads\/2024\/07\/t-shirt-personnalise.webp\" alt=\"T-shirt personnalis\u00e9 pour association \u00e9tudiante\" class=\"wp-image-3891\" style=\"width:476px\" srcset=\"https:\/\/b.main-gauche.com\/wp-content\/uploads\/2024\/07\/t-shirt-personnalise.webp 916w, https:\/\/b.main-gauche.com\/wp-content\/uploads\/2024\/07\/t-shirt-personnalise-300x176.webp 300w, https:\/\/b.main-gauche.com\/wp-content\/uploads\/2024\/07\/t-shirt-personnalise-768x449.webp 768w, https:\/\/b.main-gauche.com\/wp-content\/uploads\/2024\/07\/t-shirt-personnalise-800x468.webp 800w\" sizes=\"(max-width: 916px) 100vw, 916px\" \/><\/figure>\n\n\n\n<p><\/p>\n\n\n\n<p>La pi\u00e8ce indispensable pour un \u00e9v\u00e9nement sportif ou votre WEI (week-end d\u2019int\u00e9gration), le tee-shirt personnalis\u00e9 pour \u00e9tudiants ravira tous les participants ! Le tee-shirt est le best-seller de la communication textile ; pratique, utile et bon march\u00e9, il est l\u2019un des v\u00eatements embl\u00e9matique des associations \u00e9tudiantes.&nbsp;<\/p>\n\n\n\n<p class=\"has-text-align-center\">\u27a1&nbsp;<a href=\"https:\/\/main-gauche.com\/personnaliser\/t-shirts?utm_source=Site&amp;utm_medium=Blog&amp;utm_campaign=creer-textile-personnalises-etudiants-280324\" target=\"_blank\" rel=\"noreferrer noopener\">NOS T-SHIRTS \u00c0 PERSONNALISER<\/a>&nbsp;\u2b05<\/p>\n\n\n\n<p><\/p>\n\n\n\n<h3 class=\"wp-block-heading\"><em>Le polo manches courtes personnalis\u00e9<\/em><\/h3>\n\n\n\n<p><\/p>\n\n\n\n<figure class=\"wp-block-image aligncenter size-full is-resized is-style-small-rounded\"><img decoding=\"async\" width=\"919\" height=\"537\" src=\"https:\/\/main-gauche.com\/blogs\/wp-content\/uploads\/2024\/07\/polo-personnalise.webp\" alt=\"Polo personnalis\u00e9 \u00e0 manches courtes\" class=\"wp-image-3892\" style=\"width:476px;height:auto\" srcset=\"https:\/\/b.main-gauche.com\/wp-content\/uploads\/2024\/07\/polo-personnalise.webp 919w, https:\/\/b.main-gauche.com\/wp-content\/uploads\/2024\/07\/polo-personnalise-300x175.webp 300w, https:\/\/b.main-gauche.com\/wp-content\/uploads\/2024\/07\/polo-personnalise-768x449.webp 768w, https:\/\/b.main-gauche.com\/wp-content\/uploads\/2024\/07\/polo-personnalise-800x467.webp 800w\" sizes=\"(max-width: 919px) 100vw, 919px\" \/><\/figure>\n\n\n\n<p><\/p>\n\n\n\n<p>Pour diffuser l\u2019image de votre asso \u00e9tudiante, rien de mieux que le&nbsp;<strong>polo personnalis\u00e9 brod\u00e9 ou imprim\u00e9<\/strong>. Repr\u00e9sentez les valeurs et la r\u00e9putation de votre \u00e9cole lors de salons \u00e9tudiants, d\u2019\u00e9v\u00e8nements ou encore de comp\u00e9titions gr\u00e2ce au polo \u00e9tudiant, manches courtes ou manches longues, personnalis\u00e9 !&nbsp;<\/p>\n\n\n\n<p class=\"has-text-align-center\">\u27a1&nbsp;<a href=\"https:\/\/main-gauche.com\/personnaliser\/polos?utm_source=Site&amp;utm_medium=Blog&amp;utm_campaign=creer-textile-personnalises-etudiants-280324\" target=\"_blank\" rel=\"noreferrer noopener\">NOS POLOS \u00c0 PERSONNALISER<\/a>&nbsp;\u2b05<\/p>\n\n\n\n<p><\/p>\n\n\n\n<h3 class=\"wp-block-heading\"><em>La casquette personnalis\u00e9e<\/em><\/h3>\n\n\n\n<p><\/p>\n\n\n\n<figure class=\"wp-block-image aligncenter size-full is-resized is-style-small-rounded\"><img loading=\"lazy\" decoding=\"async\" width=\"920\" height=\"536\" src=\"https:\/\/main-gauche.com\/blogs\/wp-content\/uploads\/2024\/07\/casquette-personnalisee.webp\" alt=\"Casquette personnalis\u00e9e pour BDE\" class=\"wp-image-3893\" style=\"width:476px\" srcset=\"https:\/\/b.main-gauche.com\/wp-content\/uploads\/2024\/07\/casquette-personnalisee.webp 920w, https:\/\/b.main-gauche.com\/wp-content\/uploads\/2024\/07\/casquette-personnalisee-300x175.webp 300w, https:\/\/b.main-gauche.com\/wp-content\/uploads\/2024\/07\/casquette-personnalisee-768x447.webp 768w, https:\/\/b.main-gauche.com\/wp-content\/uploads\/2024\/07\/casquette-personnalisee-800x466.webp 800w\" sizes=\"(max-width: 920px) 100vw, 920px\" \/><\/figure>\n\n\n\n<p><\/p>\n\n\n\n<p>Tr\u00e8s tendance, la casquette personnalis\u00e9e est de plus en plus demand\u00e9e par les \u00e9tudiants. Elle vient compl\u00e9ter une tenue gr\u00e2ce \u00e0 son style r\u00e9tro et est parfaite pour des \u00e9v\u00e9nements \u00e9tudiants. Ajoutez \u00e0 une&nbsp;<strong>casquette Trucker personnalisable<\/strong>&nbsp;le logo de votre BDE, le slogan, ou encore le pr\u00e9nom des membres du bureau.<\/p>\n\n\n\n<p class=\"has-text-align-center\">\u27a1&nbsp;<a href=\"https:\/\/main-gauche.com\/personnaliser\/casquettes?utm_source=Site&amp;utm_medium=Blog&amp;utm_campaign=creer-textile-personnalises-etudiants-280324\" target=\"_blank\" rel=\"noreferrer noopener\">NOS CASQUETTES A PERSONNALISER<\/a> \u2b05<\/p>\n\n\n\n<p><\/p>\n\n\n\n<h3 class=\"wp-block-heading\"><em>Le bonnet personnalis\u00e9<\/em><\/h3>\n\n\n\n<p><\/p>\n\n\n\n<figure class=\"wp-block-image aligncenter size-full is-resized is-style-small-rounded\"><img loading=\"lazy\" decoding=\"async\" width=\"917\" height=\"535\" src=\"https:\/\/main-gauche.com\/blogs\/wp-content\/uploads\/2024\/07\/bonnet-personnalise.webp\" alt=\"Bonnet personnalis\u00e9 pour BDE\" class=\"wp-image-3894\" style=\"width:476px\" srcset=\"https:\/\/b.main-gauche.com\/wp-content\/uploads\/2024\/07\/bonnet-personnalise.webp 917w, https:\/\/b.main-gauche.com\/wp-content\/uploads\/2024\/07\/bonnet-personnalise-300x175.webp 300w, https:\/\/b.main-gauche.com\/wp-content\/uploads\/2024\/07\/bonnet-personnalise-768x448.webp 768w, https:\/\/b.main-gauche.com\/wp-content\/uploads\/2024\/07\/bonnet-personnalise-800x467.webp 800w\" sizes=\"(max-width: 917px) 100vw, 917px\" \/><\/figure>\n\n\n\n<p><\/p>\n\n\n\n<p>Le bonnet \u00e0 personnaliser est l\u2019accessoire id\u00e9al qui vous accompagnera tout l\u2019hiver, et notamment pour les sorties ski entre \u00e9tudiants ! Le bonnet personnalis\u00e9 brod\u00e9 vous permettra d\u2019identifier les membres du voyage, et de renforcer la coh\u00e9sion de groupe entre les \u00e9tudiants ! Cet accessoire est incontournable pour les voyages scolaires organis\u00e9s par votre BDE.<\/p>\n\n\n\n<p class=\"has-text-align-center\">\u27a1&nbsp;<a href=\"https:\/\/main-gauche.com\/personnaliser\/bonnets?utm_source=Site&amp;utm_medium=Blog&amp;utm_campaign=creer-textile-personnalises-etudiants-280324\" target=\"_blank\" rel=\"noreferrer noopener\">NOS BONNETS \u00c0 PERSONNALISER<\/a>&nbsp;\u2b05<\/p>\n\n\n\n<p><\/p>\n\n\n\n<h3 class=\"wp-block-heading\"><em>Le tote bag personnalis\u00e9<\/em><\/h3>\n\n\n\n<p><\/p>\n\n\n\n<figure class=\"wp-block-image aligncenter size-full is-resized is-style-small-rounded\"><img loading=\"lazy\" decoding=\"async\" width=\"915\" height=\"534\" src=\"https:\/\/main-gauche.com\/blogs\/wp-content\/uploads\/2024\/07\/tote-bag-personnalise.webp\" alt=\"Tote bag personnalis\u00e9 pour association \u00e9tudiante\" class=\"wp-image-3895\" style=\"width:476px\" srcset=\"https:\/\/b.main-gauche.com\/wp-content\/uploads\/2024\/07\/tote-bag-personnalise.webp 915w, https:\/\/b.main-gauche.com\/wp-content\/uploads\/2024\/07\/tote-bag-personnalise-300x175.webp 300w, https:\/\/b.main-gauche.com\/wp-content\/uploads\/2024\/07\/tote-bag-personnalise-768x448.webp 768w, https:\/\/b.main-gauche.com\/wp-content\/uploads\/2024\/07\/tote-bag-personnalise-800x467.webp 800w\" sizes=\"(max-width: 915px) 100vw, 915px\" \/><\/figure>\n\n\n\n<p><\/p>\n\n\n\n<p>Les tote bags personnalis\u00e9s sont pratiques et utilisables au quotidien pour aller en cours ou pour transporter vos affaires de sport. Chez MAINGAUCHE, nous vous proposons des sacs \u00e9coresponsables, fabriqu\u00e9s en coton biologique tr\u00e8s r\u00e9sistants. Le tote bag imprim\u00e9 est l\u2019accessoire num\u00e9ro 1 \u00e0 offrir aux nouveaux adh\u00e9rents ou membres de votre association !<\/p>\n\n\n\n<p class=\"has-text-align-center\">\u27a1&nbsp;<a href=\"https:\/\/main-gauche.com\/personnaliser\/tote-bags?utm_source=Site&amp;utm_medium=Blog&amp;utm_campaign=creer-textile-personnalises-etudiants-280324\" target=\"_blank\" rel=\"noreferrer noopener\">NOS TOTE BAGS \u00c0 PERSONNALISER<\/a>&nbsp;\u2b05<\/p>\n\n\n\n<p><\/p>\n\n\n\n<h2 class=\"wp-block-heading\" id=\"visuel\">2. Cr\u00e9er un visuel attractif et original<\/h2>\n\n\n\n<p><\/p>\n\n\n\n<p>C\u2019est le moment de faire preuve de cr\u00e9ativit\u00e9. Voici quelques id\u00e9es pour vous aider :<\/p>\n\n\n\n<ul class=\"wp-block-list\">\n<li><strong>Des design color\u00e9s :<\/strong>&nbsp;Le design tendance dans un style color\u00e9 et dessin\u00e9 \u00e0 la main est populaire aupr\u00e8s de tous les \u00e2ges.<\/li>\n\n\n\n<li><strong>Styles minimalistes :<\/strong>&nbsp;Un design et une typographie simplifi\u00e9s qui suivent les tendances actuelles seront tr\u00e8s efficaces en fonction du contexte pour lequel vous personnalisez des v\u00eatements.<\/li>\n\n\n\n<li><strong>Polices cool :<\/strong>&nbsp;Les polices accrocheuses ou iconiques peuvent faire un excellent design par elles-m\u00eames. Par exemple, les polices et motifs psych\u00e9d\u00e9liques sont tr\u00e8s tendances !<\/li>\n\n\n\n<li><strong>Couleurs et volumes contrast\u00e9s :<\/strong>&nbsp;Jouez sur les contrastes en choisissant des combinaisons de couleurs de textiles et d\u2019encre\/de fils pour cr\u00e9er un jolie look tendance.<\/li>\n<\/ul>\n\n\n\n<p><\/p>\n\n\n\n<h2 class=\"wp-block-heading\" id=\"technique\">3. Choisir la technique de marquage<\/h2>\n\n\n\n<p><\/p>\n\n\n\n<p>Pour personnaliser vos v\u00eatements \u00e9tudiants, plusieurs techniques de personnalisation s\u2019offrent \u00e0 vous. On vous les fait d\u00e9couvrir ci-dessous avec quelques exemples :&nbsp;&nbsp;<\/p>\n\n\n\n<p><\/p>\n\n\n\n<h3 class=\"wp-block-heading\"><em>La broderie<\/em><\/h3>\n\n\n\n<p><\/p>\n\n\n\n<figure class=\"wp-block-image aligncenter size-full is-resized is-style-small-rounded\"><img loading=\"lazy\" decoding=\"async\" width=\"914\" height=\"531\" src=\"https:\/\/main-gauche.com\/blogs\/wp-content\/uploads\/2024\/07\/personnalisation-broderie.webp\" alt=\"Broderie personnalis\u00e9e sur textile bleu\" class=\"wp-image-3896\" style=\"width:476px\" srcset=\"https:\/\/b.main-gauche.com\/wp-content\/uploads\/2024\/07\/personnalisation-broderie.webp 914w, https:\/\/b.main-gauche.com\/wp-content\/uploads\/2024\/07\/personnalisation-broderie-300x174.webp 300w, https:\/\/b.main-gauche.com\/wp-content\/uploads\/2024\/07\/personnalisation-broderie-768x446.webp 768w, https:\/\/b.main-gauche.com\/wp-content\/uploads\/2024\/07\/personnalisation-broderie-800x465.webp 800w\" sizes=\"(max-width: 914px) 100vw, 914px\" \/><\/figure>\n\n\n\n<p><\/p>\n\n\n\n<p>Technique tr\u00e8s ancienne, la <strong>broderie directe<\/strong> reproduit un visuel \u00e0 l\u2019aide&nbsp;<strong>d\u2019aiguilles et de fils de couleurs<\/strong>. La broderie est sans aucun doute la technique la plus noble et la plus durable dans le temps. Il existe diff\u00e9rents proc\u00e9d\u00e9s de broderie : la broderie classique, la broderie 3D et la broderie bouclette.<\/p>\n\n\n\n<p><\/p>\n\n\n\n<p><\/p>\n\n\n\n<h3 class=\"wp-block-heading\"><em>La s\u00e9rigraphie<\/em><\/h3>\n\n\n\n<p><\/p>\n\n\n\n<figure class=\"wp-block-image aligncenter size-full is-resized is-style-small-rounded\"><img loading=\"lazy\" decoding=\"async\" width=\"916\" height=\"534\" src=\"https:\/\/main-gauche.com\/blogs\/wp-content\/uploads\/2024\/07\/personnalisation-serigraphie.webp\" alt=\"S\u00e9rigraphie personnalis\u00e9e sur textile noir\" class=\"wp-image-3897\" style=\"width:476px;height:auto\" srcset=\"https:\/\/b.main-gauche.com\/wp-content\/uploads\/2024\/07\/personnalisation-serigraphie.webp 916w, https:\/\/b.main-gauche.com\/wp-content\/uploads\/2024\/07\/personnalisation-serigraphie-300x175.webp 300w, https:\/\/b.main-gauche.com\/wp-content\/uploads\/2024\/07\/personnalisation-serigraphie-768x448.webp 768w, https:\/\/b.main-gauche.com\/wp-content\/uploads\/2024\/07\/personnalisation-serigraphie-800x466.webp 800w\" sizes=\"(max-width: 916px) 100vw, 916px\" \/><\/figure>\n\n\n\n<p><\/p>\n\n\n\n<p>La s\u00e9rigraphie est une technique d\u2019impression qui consiste \u00e0<strong>&nbsp;d\u00e9poser de l\u2019encre directement dans les mailles d\u2019un tissu par le biais d\u2019un \u00e9cran d\u2019impression.<\/strong>&nbsp;Cet \u00e9cran joue le r\u00f4le de pochoir, il poss\u00e8de de fines ouvertures qui permettent \u00e0 l\u2019encre de se d\u00e9poser sur le textile afin de reproduire le motif souhait\u00e9. Le d\u00e9p\u00f4t d\u2019encre est dense, ce qui garantit une couleur intense et une bonne opacit\u00e9 du support imprim\u00e9.<\/p>\n\n\n\n<p><\/p>\n\n\n\n<h3 class=\"wp-block-heading\"><em>Le flocage<\/em><\/h3>\n\n\n\n<p><\/p>\n\n\n\n<figure class=\"wp-block-image aligncenter size-full is-resized is-style-small-rounded\"><img loading=\"lazy\" decoding=\"async\" width=\"921\" height=\"537\" src=\"https:\/\/main-gauche.com\/blogs\/wp-content\/uploads\/2024\/07\/pull-personnalise-flocage.webp\" alt=\"Flocage sur pull personnalis\u00e9\" class=\"wp-image-3898\" style=\"width:476px\" srcset=\"https:\/\/b.main-gauche.com\/wp-content\/uploads\/2024\/07\/pull-personnalise-flocage.webp 921w, https:\/\/b.main-gauche.com\/wp-content\/uploads\/2024\/07\/pull-personnalise-flocage-300x175.webp 300w, https:\/\/b.main-gauche.com\/wp-content\/uploads\/2024\/07\/pull-personnalise-flocage-768x448.webp 768w, https:\/\/b.main-gauche.com\/wp-content\/uploads\/2024\/07\/pull-personnalise-flocage-800x466.webp 800w\" sizes=\"(max-width: 921px) 100vw, 921px\" \/><\/figure>\n\n\n\n<p><\/p>\n\n\n\n<p>Le flocage est une<strong>&nbsp;technique de marquage par transfert thermique<\/strong>. Le visuel est imprim\u00e9 et d\u00e9coup\u00e9 par une machine dans un rouleau de vinyle (flex ou flock) qui est ensuite thermocoll\u00e9 \u00e0 haute temp\u00e9rature sur le textile. Le flocage peut avoir diff\u00e9rents aspects : velours, lisse, fluorescent, paillet\u00e9, etc. Tout type de textile peut \u00eatre floqu\u00e9, qu\u2019il soit clair ou fonc\u00e9.<\/p>\n\n\n\n<p><\/p>\n\n\n\n<h3 class=\"wp-block-heading\"><em>L&rsquo;impression num\u00e9rique<\/em><\/h3>\n\n\n\n<p><\/p>\n\n\n\n<figure class=\"wp-block-image aligncenter size-full is-resized is-style-small-rounded\"><img loading=\"lazy\" decoding=\"async\" width=\"918\" height=\"535\" src=\"https:\/\/main-gauche.com\/blogs\/wp-content\/uploads\/2024\/07\/personnalisation-impression-numerique.webp\" alt=\"Impression num\u00e9rique sur pull\" class=\"wp-image-3899\" style=\"width:476px\" srcset=\"https:\/\/b.main-gauche.com\/wp-content\/uploads\/2024\/07\/personnalisation-impression-numerique.webp 918w, https:\/\/b.main-gauche.com\/wp-content\/uploads\/2024\/07\/personnalisation-impression-numerique-300x175.webp 300w, https:\/\/b.main-gauche.com\/wp-content\/uploads\/2024\/07\/personnalisation-impression-numerique-768x448.webp 768w, https:\/\/b.main-gauche.com\/wp-content\/uploads\/2024\/07\/personnalisation-impression-numerique-800x466.webp 800w\" sizes=\"(max-width: 918px) 100vw, 918px\" \/><\/figure>\n\n\n\n<p><\/p>\n\n\n\n<p>Les imprimantes DTG impriment des visuels directement sur des v\u00eatements au lieu du papier. Cette technique ne n\u00e9cessite pas ou peu de pr\u00e9paration (sur textiles clairs) : les images sont recr\u00e9\u00e9es par une t\u00eate d&rsquo;impression qui projette des milliers de minuscules gouttes d&rsquo;encre sur le tissu. L\u2019aspect visuel et le toucher sont&nbsp;sans relief, car l\u2019encre va p\u00e9n\u00e9trer directement dans les fibres du v\u00eatement.<\/p>\n\n\n\n<p><\/p>\n\n\n\n<hr class=\"wp-block-separator has-alpha-channel-opacity\"\/>\n\n\n\n<p><\/p>\n\n\n\n<p>Vous souhaitez vous procurer des <strong>v\u00eatements personnalis\u00e9s <\/strong>pour votre communication ? N\u2019h\u00e9sitez pas \u00e0 nous contacter pour obtenir un devis et d\u00e9couvrir nos offres adapt\u00e9es \u00e0 vos besoins.<\/p>\n\n\n\n<p><\/p>\n\n\n\n\n\n<p><\/p>\n\n\n\n<p><\/p>\n","protected":false},"excerpt":{"rendered":"<p>Vous \u00eates le pr\u00e9sident ou un membre\u00a0du BDE de votre \u00e9cole, et vous souhaitez\u00a0cr\u00e9er des v\u00eatements pour lancer votre campagne ? C&rsquo;est par ici !<\/p>\n","protected":false},"author":18,"featured_media":5077,"comment_status":"closed","ping_status":"closed","sticky":false,"template":"","format":"standard","meta":{"_yoast_wpseo_metadesc":"Dans cet articles, on vous donne les 3 \u00e9tapes \u00e0 suivre pour cr\u00e9er les v\u00eatements parfaits pour votre association \u00e9tudiante !","_monsterinsights_skip_tracking":false,"_monsterinsights_sitenote_active":false,"_monsterinsights_sitenote_note":"","_monsterinsights_sitenote_category":0,"site-sidebar-layout":"default","site-content-layout":"","ast-site-content-layout":"default","site-content-style":"default","site-sidebar-style":"default","ast-global-header-display":"","ast-banner-title-visibility":"","ast-main-header-display":"","ast-hfb-above-header-display":"","ast-hfb-below-header-display":"","ast-hfb-mobile-header-display":"","site-post-title":"","ast-breadcrumbs-content":"","ast-featured-img":"disabled","footer-sml-layout":"","ast-disable-related-posts":"","theme-transparent-header-meta":"","adv-header-id-meta":"","stick-header-meta":"","header-above-stick-meta":"","header-main-stick-meta":"","header-below-stick-meta":"","astra-migrate-meta-layouts":"set","ast-page-background-enabled":"default","ast-page-background-meta":{"desktop":{"background-color":"","background-image":"","background-repeat":"repeat","background-position":"center center","background-size":"auto","background-attachment":"scroll","background-type":"","background-media":"","overlay-type":"","overlay-color":"","overlay-opacity":"","overlay-gradient":""},"tablet":{"background-color":"","background-image":"","background-repeat":"repeat","background-position":"center center","background-size":"auto","background-attachment":"scroll","background-type":"","background-media":"","overlay-type":"","overlay-color":"","overlay-opacity":"","overlay-gradient":""},"mobile":{"background-color":"","background-image":"","background-repeat":"repeat","background-position":"center center","background-size":"auto","background-attachment":"scroll","background-type":"","background-media":"","overlay-type":"","overlay-color":"","overlay-opacity":"","overlay-gradient":""}},"ast-content-background-meta":{"desktop":{"background-color":"var(--ast-global-color-5)","background-image":"","background-repeat":"repeat","background-position":"center center","background-size":"auto","background-attachment":"scroll","background-type":"","background-media":"","overlay-type":"","overlay-color":"","overlay-opacity":"","overlay-gradient":""},"tablet":{"background-color":"var(--ast-global-color-5)","background-image":"","background-repeat":"repeat","background-position":"center center","background-size":"auto","background-attachment":"scroll","background-type":"","background-media":"","overlay-type":"","overlay-color":"","overlay-opacity":"","overlay-gradient":""},"mobile":{"background-color":"var(--ast-global-color-5)","background-image":"","background-repeat":"repeat","background-position":"center center","background-size":"auto","background-attachment":"scroll","background-type":"","background-media":"","overlay-type":"","overlay-color":"","overlay-opacity":"","overlay-gradient":""}},"footnotes":""},"categories":[135],"tags":[88],"class_list":["post-2253","post","type-post","status-publish","format-standard","has-post-thumbnail","hentry","category-conseils","tag-school"],"yoast_head":"<!-- This site is optimized with the Yoast SEO plugin v27.5 - https:\/\/yoast.com\/product\/yoast-seo-wordpress\/ -->\n<title>Cr\u00e9er des v\u00eatements pour son association \u00e9tudiante en 3 \u00e9tapes<\/title>\n<meta name=\"description\" content=\"Dans cet articles, on vous donne les 3 \u00e9tapes \u00e0 suivre pour cr\u00e9er les v\u00eatements parfaits pour votre association \u00e9tudiante !\" \/>\n<meta name=\"robots\" content=\"index, follow, max-snippet:-1, max-image-preview:large, max-video-preview:-1\" \/>\n<link rel=\"canonical\" href=\"http:\/\/b.main-gauche.com\/creer-vetements-bde-association-etudiante\/\" \/>\n<meta property=\"og:locale\" content=\"fr_FR\" \/>\n<meta property=\"og:type\" content=\"article\" \/>\n<meta property=\"og:title\" content=\"Cr\u00e9er des v\u00eatements pour son association \u00e9tudiante en 3 \u00e9tapes\" \/>\n<meta property=\"og:description\" content=\"Dans cet articles, on vous donne les 3 \u00e9tapes \u00e0 suivre pour cr\u00e9er les v\u00eatements parfaits pour votre association \u00e9tudiante !\" \/>\n<meta property=\"og:url\" content=\"http:\/\/b.main-gauche.com\/creer-vetements-bde-association-etudiante\/\" \/>\n<meta property=\"og:site_name\" content=\"MAINGAUCHE - Le blog\" \/>\n<meta property=\"article:publisher\" content=\"https:\/\/www.facebook.com\/main.gauche.imprimeur\/?locale=fr_FR\" \/>\n<meta property=\"article:published_time\" content=\"2022-09-15T09:28:00+00:00\" \/>\n<meta property=\"article:modified_time\" content=\"2026-03-24T08:50:27+00:00\" \/>\n<meta property=\"og:image\" content=\"http:\/\/b.main-gauche.com\/wp-content\/uploads\/2022\/09\/vetements-etudiants.webp\" \/>\n\t<meta property=\"og:image:width\" content=\"1900\" \/>\n\t<meta property=\"og:image:height\" content=\"1267\" \/>\n\t<meta property=\"og:image:type\" content=\"image\/webp\" \/>\n<meta name=\"author\" content=\"Ana\u00efs\" \/>\n<meta name=\"twitter:card\" content=\"summary_large_image\" \/>\n<meta name=\"twitter:label1\" content=\"\u00c9crit par\" \/>\n\t<meta name=\"twitter:data1\" content=\"Ana\u00efs\" \/>\n\t<meta name=\"twitter:label2\" content=\"Dur\u00e9e de lecture estim\u00e9e\" \/>\n\t<meta name=\"twitter:data2\" content=\"8 minutes\" \/>\n<script type=\"application\/ld+json\" class=\"yoast-schema-graph\">{\"@context\":\"https:\\\/\\\/schema.org\",\"@graph\":[{\"@type\":[\"Article\",\"BlogPosting\"],\"@id\":\"http:\\\/\\\/b.main-gauche.com\\\/creer-vetements-bde-association-etudiante\\\/#article\",\"isPartOf\":{\"@id\":\"http:\\\/\\\/b.main-gauche.com\\\/creer-vetements-bde-association-etudiante\\\/\"},\"author\":{\"name\":\"Ana\u00efs\",\"@id\":\"https:\\\/\\\/b.main-gauche.com\\\/#\\\/schema\\\/person\\\/c5308077be46ed0e56bc195c9bc66d14\"},\"headline\":\"Cr\u00e9er des v\u00eatements pour son association \u00e9tudiante en 3 \u00e9tapes\",\"datePublished\":\"2022-09-15T09:28:00+00:00\",\"dateModified\":\"2026-03-24T08:50:27+00:00\",\"mainEntityOfPage\":{\"@id\":\"http:\\\/\\\/b.main-gauche.com\\\/creer-vetements-bde-association-etudiante\\\/\"},\"wordCount\":1086,\"publisher\":{\"@id\":\"https:\\\/\\\/b.main-gauche.com\\\/#organization\"},\"image\":{\"@id\":\"http:\\\/\\\/b.main-gauche.com\\\/creer-vetements-bde-association-etudiante\\\/#primaryimage\"},\"thumbnailUrl\":\"https:\\\/\\\/b.main-gauche.com\\\/wp-content\\\/uploads\\\/2022\\\/09\\\/vetements-etudiants.webp\",\"keywords\":[\"School\"],\"articleSection\":[\"Conseils\"],\"inLanguage\":\"fr-FR\"},{\"@type\":\"WebPage\",\"@id\":\"http:\\\/\\\/b.main-gauche.com\\\/creer-vetements-bde-association-etudiante\\\/\",\"url\":\"http:\\\/\\\/b.main-gauche.com\\\/creer-vetements-bde-association-etudiante\\\/\",\"name\":\"Cr\u00e9er des v\u00eatements pour son association \u00e9tudiante en 3 \u00e9tapes\",\"isPartOf\":{\"@id\":\"https:\\\/\\\/b.main-gauche.com\\\/#website\"},\"primaryImageOfPage\":{\"@id\":\"http:\\\/\\\/b.main-gauche.com\\\/creer-vetements-bde-association-etudiante\\\/#primaryimage\"},\"image\":{\"@id\":\"http:\\\/\\\/b.main-gauche.com\\\/creer-vetements-bde-association-etudiante\\\/#primaryimage\"},\"thumbnailUrl\":\"https:\\\/\\\/b.main-gauche.com\\\/wp-content\\\/uploads\\\/2022\\\/09\\\/vetements-etudiants.webp\",\"datePublished\":\"2022-09-15T09:28:00+00:00\",\"dateModified\":\"2026-03-24T08:50:27+00:00\",\"description\":\"Dans cet articles, on vous donne les 3 \u00e9tapes \u00e0 suivre pour cr\u00e9er les v\u00eatements parfaits pour votre association \u00e9tudiante !\",\"breadcrumb\":{\"@id\":\"http:\\\/\\\/b.main-gauche.com\\\/creer-vetements-bde-association-etudiante\\\/#breadcrumb\"},\"inLanguage\":\"fr-FR\",\"potentialAction\":[{\"@type\":\"ReadAction\",\"target\":[\"http:\\\/\\\/b.main-gauche.com\\\/creer-vetements-bde-association-etudiante\\\/\"]}]},{\"@type\":\"ImageObject\",\"inLanguage\":\"fr-FR\",\"@id\":\"http:\\\/\\\/b.main-gauche.com\\\/creer-vetements-bde-association-etudiante\\\/#primaryimage\",\"url\":\"https:\\\/\\\/b.main-gauche.com\\\/wp-content\\\/uploads\\\/2022\\\/09\\\/vetements-etudiants.webp\",\"contentUrl\":\"https:\\\/\\\/b.main-gauche.com\\\/wp-content\\\/uploads\\\/2022\\\/09\\\/vetements-etudiants.webp\",\"width\":1900,\"height\":1267,\"caption\":\"Veste personnalis\u00e9e pour \u00e9tudiants\"},{\"@type\":\"BreadcrumbList\",\"@id\":\"http:\\\/\\\/b.main-gauche.com\\\/creer-vetements-bde-association-etudiante\\\/#breadcrumb\",\"itemListElement\":[{\"@type\":\"ListItem\",\"position\":1,\"name\":\"Accueil\",\"item\":\"https:\\\/\\\/b.main-gauche.com\\\/\"},{\"@type\":\"ListItem\",\"position\":2,\"name\":\"Cr\u00e9er des v\u00eatements pour son association \u00e9tudiante en 3 \u00e9tapes\"}]},{\"@type\":\"WebSite\",\"@id\":\"https:\\\/\\\/b.main-gauche.com\\\/#website\",\"url\":\"https:\\\/\\\/b.main-gauche.com\\\/\",\"name\":\"MAINGAUCHE - Le blog\",\"description\":\"\",\"publisher\":{\"@id\":\"https:\\\/\\\/b.main-gauche.com\\\/#organization\"},\"potentialAction\":[{\"@type\":\"SearchAction\",\"target\":{\"@type\":\"EntryPoint\",\"urlTemplate\":\"https:\\\/\\\/b.main-gauche.com\\\/?s={search_term_string}\"},\"query-input\":{\"@type\":\"PropertyValueSpecification\",\"valueRequired\":true,\"valueName\":\"search_term_string\"}}],\"inLanguage\":\"fr-FR\"},{\"@type\":\"Organization\",\"@id\":\"https:\\\/\\\/b.main-gauche.com\\\/#organization\",\"name\":\"MAINGAUCHE\",\"url\":\"https:\\\/\\\/b.main-gauche.com\\\/\",\"logo\":{\"@type\":\"ImageObject\",\"inLanguage\":\"fr-FR\",\"@id\":\"https:\\\/\\\/b.main-gauche.com\\\/#\\\/schema\\\/logo\\\/image\\\/\",\"url\":\"https:\\\/\\\/b.main-gauche.com\\\/wp-content\\\/uploads\\\/2025\\\/12\\\/logo-website-maingauche.svg\",\"contentUrl\":\"https:\\\/\\\/b.main-gauche.com\\\/wp-content\\\/uploads\\\/2025\\\/12\\\/logo-website-maingauche.svg\",\"width\":180,\"height\":60,\"caption\":\"MAINGAUCHE\"},\"image\":{\"@id\":\"https:\\\/\\\/b.main-gauche.com\\\/#\\\/schema\\\/logo\\\/image\\\/\"},\"sameAs\":[\"https:\\\/\\\/www.facebook.com\\\/main.gauche.imprimeur\\\/?locale=fr_FR\",\"https:\\\/\\\/www.instagram.com\\\/main_gauche_imprimeur\\\/\"]},{\"@type\":\"Person\",\"@id\":\"https:\\\/\\\/b.main-gauche.com\\\/#\\\/schema\\\/person\\\/c5308077be46ed0e56bc195c9bc66d14\",\"name\":\"Ana\u00efs\",\"image\":{\"@type\":\"ImageObject\",\"inLanguage\":\"fr-FR\",\"@id\":\"https:\\\/\\\/secure.gravatar.com\\\/avatar\\\/40a2b1c0a711fb858aaf07d29a3ba696f6b33f500bac8ced2619bbc01e1ec1d0?s=96&d=mm&r=g\",\"url\":\"https:\\\/\\\/secure.gravatar.com\\\/avatar\\\/40a2b1c0a711fb858aaf07d29a3ba696f6b33f500bac8ced2619bbc01e1ec1d0?s=96&d=mm&r=g\",\"contentUrl\":\"https:\\\/\\\/secure.gravatar.com\\\/avatar\\\/40a2b1c0a711fb858aaf07d29a3ba696f6b33f500bac8ced2619bbc01e1ec1d0?s=96&d=mm&r=g\",\"caption\":\"Ana\u00efs\"},\"description\":\"Je suis Ana\u00efs, cr\u00e9atrice de contenus chez MAINGAUCHE. Je mets \u00e0 profit mon expertise pour inspirer et faciliter la r\u00e9alisation de vos ambitions textiles. \u00c0 travers mes articles, je m'efforce de valoriser les meilleures pratiques du secteur, en offrant des conseils pratiques et des perspectives innovantes pour transformer vos id\u00e9es en projets r\u00e9ussis.\",\"url\":\"https:\\\/\\\/b.main-gauche.com\\\/author\\\/anais-vicente\\\/\"}]}<\/script>\n<!-- \/ Yoast SEO plugin. -->","yoast_head_json":{"title":"Cr\u00e9er des v\u00eatements pour son association \u00e9tudiante en 3 \u00e9tapes","description":"Dans cet articles, on vous donne les 3 \u00e9tapes \u00e0 suivre pour cr\u00e9er les v\u00eatements parfaits pour votre association \u00e9tudiante !","robots":{"index":"index","follow":"follow","max-snippet":"max-snippet:-1","max-image-preview":"max-image-preview:large","max-video-preview":"max-video-preview:-1"},"canonical":"http:\/\/b.main-gauche.com\/creer-vetements-bde-association-etudiante\/","og_locale":"fr_FR","og_type":"article","og_title":"Cr\u00e9er des v\u00eatements pour son association \u00e9tudiante en 3 \u00e9tapes","og_description":"Dans cet articles, on vous donne les 3 \u00e9tapes \u00e0 suivre pour cr\u00e9er les v\u00eatements parfaits pour votre association \u00e9tudiante !","og_url":"http:\/\/b.main-gauche.com\/creer-vetements-bde-association-etudiante\/","og_site_name":"MAINGAUCHE - Le blog","article_publisher":"https:\/\/www.facebook.com\/main.gauche.imprimeur\/?locale=fr_FR","article_published_time":"2022-09-15T09:28:00+00:00","article_modified_time":"2026-03-24T08:50:27+00:00","og_image":[{"width":1900,"height":1267,"url":"http:\/\/b.main-gauche.com\/wp-content\/uploads\/2022\/09\/vetements-etudiants.webp","type":"image\/webp"}],"author":"Ana\u00efs","twitter_card":"summary_large_image","twitter_misc":{"\u00c9crit par":"Ana\u00efs","Dur\u00e9e de lecture estim\u00e9e":"8 minutes"},"schema":{"@context":"https:\/\/schema.org","@graph":[{"@type":["Article","BlogPosting"],"@id":"http:\/\/b.main-gauche.com\/creer-vetements-bde-association-etudiante\/#article","isPartOf":{"@id":"http:\/\/b.main-gauche.com\/creer-vetements-bde-association-etudiante\/"},"author":{"name":"Ana\u00efs","@id":"https:\/\/b.main-gauche.com\/#\/schema\/person\/c5308077be46ed0e56bc195c9bc66d14"},"headline":"Cr\u00e9er des v\u00eatements pour son association \u00e9tudiante en 3 \u00e9tapes","datePublished":"2022-09-15T09:28:00+00:00","dateModified":"2026-03-24T08:50:27+00:00","mainEntityOfPage":{"@id":"http:\/\/b.main-gauche.com\/creer-vetements-bde-association-etudiante\/"},"wordCount":1086,"publisher":{"@id":"https:\/\/b.main-gauche.com\/#organization"},"image":{"@id":"http:\/\/b.main-gauche.com\/creer-vetements-bde-association-etudiante\/#primaryimage"},"thumbnailUrl":"https:\/\/b.main-gauche.com\/wp-content\/uploads\/2022\/09\/vetements-etudiants.webp","keywords":["School"],"articleSection":["Conseils"],"inLanguage":"fr-FR"},{"@type":"WebPage","@id":"http:\/\/b.main-gauche.com\/creer-vetements-bde-association-etudiante\/","url":"http:\/\/b.main-gauche.com\/creer-vetements-bde-association-etudiante\/","name":"Cr\u00e9er des v\u00eatements pour son association \u00e9tudiante en 3 \u00e9tapes","isPartOf":{"@id":"https:\/\/b.main-gauche.com\/#website"},"primaryImageOfPage":{"@id":"http:\/\/b.main-gauche.com\/creer-vetements-bde-association-etudiante\/#primaryimage"},"image":{"@id":"http:\/\/b.main-gauche.com\/creer-vetements-bde-association-etudiante\/#primaryimage"},"thumbnailUrl":"https:\/\/b.main-gauche.com\/wp-content\/uploads\/2022\/09\/vetements-etudiants.webp","datePublished":"2022-09-15T09:28:00+00:00","dateModified":"2026-03-24T08:50:27+00:00","description":"Dans cet articles, on vous donne les 3 \u00e9tapes \u00e0 suivre pour cr\u00e9er les v\u00eatements parfaits pour votre association \u00e9tudiante !","breadcrumb":{"@id":"http:\/\/b.main-gauche.com\/creer-vetements-bde-association-etudiante\/#breadcrumb"},"inLanguage":"fr-FR","potentialAction":[{"@type":"ReadAction","target":["http:\/\/b.main-gauche.com\/creer-vetements-bde-association-etudiante\/"]}]},{"@type":"ImageObject","inLanguage":"fr-FR","@id":"http:\/\/b.main-gauche.com\/creer-vetements-bde-association-etudiante\/#primaryimage","url":"https:\/\/b.main-gauche.com\/wp-content\/uploads\/2022\/09\/vetements-etudiants.webp","contentUrl":"https:\/\/b.main-gauche.com\/wp-content\/uploads\/2022\/09\/vetements-etudiants.webp","width":1900,"height":1267,"caption":"Veste personnalis\u00e9e pour \u00e9tudiants"},{"@type":"BreadcrumbList","@id":"http:\/\/b.main-gauche.com\/creer-vetements-bde-association-etudiante\/#breadcrumb","itemListElement":[{"@type":"ListItem","position":1,"name":"Accueil","item":"https:\/\/b.main-gauche.com\/"},{"@type":"ListItem","position":2,"name":"Cr\u00e9er des v\u00eatements pour son association \u00e9tudiante en 3 \u00e9tapes"}]},{"@type":"WebSite","@id":"https:\/\/b.main-gauche.com\/#website","url":"https:\/\/b.main-gauche.com\/","name":"MAINGAUCHE - Le blog","description":"","publisher":{"@id":"https:\/\/b.main-gauche.com\/#organization"},"potentialAction":[{"@type":"SearchAction","target":{"@type":"EntryPoint","urlTemplate":"https:\/\/b.main-gauche.com\/?s={search_term_string}"},"query-input":{"@type":"PropertyValueSpecification","valueRequired":true,"valueName":"search_term_string"}}],"inLanguage":"fr-FR"},{"@type":"Organization","@id":"https:\/\/b.main-gauche.com\/#organization","name":"MAINGAUCHE","url":"https:\/\/b.main-gauche.com\/","logo":{"@type":"ImageObject","inLanguage":"fr-FR","@id":"https:\/\/b.main-gauche.com\/#\/schema\/logo\/image\/","url":"https:\/\/b.main-gauche.com\/wp-content\/uploads\/2025\/12\/logo-website-maingauche.svg","contentUrl":"https:\/\/b.main-gauche.com\/wp-content\/uploads\/2025\/12\/logo-website-maingauche.svg","width":180,"height":60,"caption":"MAINGAUCHE"},"image":{"@id":"https:\/\/b.main-gauche.com\/#\/schema\/logo\/image\/"},"sameAs":["https:\/\/www.facebook.com\/main.gauche.imprimeur\/?locale=fr_FR","https:\/\/www.instagram.com\/main_gauche_imprimeur\/"]},{"@type":"Person","@id":"https:\/\/b.main-gauche.com\/#\/schema\/person\/c5308077be46ed0e56bc195c9bc66d14","name":"Ana\u00efs","image":{"@type":"ImageObject","inLanguage":"fr-FR","@id":"https:\/\/secure.gravatar.com\/avatar\/40a2b1c0a711fb858aaf07d29a3ba696f6b33f500bac8ced2619bbc01e1ec1d0?s=96&d=mm&r=g","url":"https:\/\/secure.gravatar.com\/avatar\/40a2b1c0a711fb858aaf07d29a3ba696f6b33f500bac8ced2619bbc01e1ec1d0?s=96&d=mm&r=g","contentUrl":"https:\/\/secure.gravatar.com\/avatar\/40a2b1c0a711fb858aaf07d29a3ba696f6b33f500bac8ced2619bbc01e1ec1d0?s=96&d=mm&r=g","caption":"Ana\u00efs"},"description":"Je suis Ana\u00efs, cr\u00e9atrice de contenus chez MAINGAUCHE. Je mets \u00e0 profit mon expertise pour inspirer et faciliter la r\u00e9alisation de vos ambitions textiles. \u00c0 travers mes articles, je m'efforce de valoriser les meilleures pratiques du secteur, en offrant des conseils pratiques et des perspectives innovantes pour transformer vos id\u00e9es en projets r\u00e9ussis.","url":"https:\/\/b.main-gauche.com\/author\/anais-vicente\/"}]}},"_links":{"self":[{"href":"https:\/\/b.main-gauche.com\/wp-json\/wp\/v2\/posts\/2253","targetHints":{"allow":["GET"]}}],"collection":[{"href":"https:\/\/b.main-gauche.com\/wp-json\/wp\/v2\/posts"}],"about":[{"href":"https:\/\/b.main-gauche.com\/wp-json\/wp\/v2\/types\/post"}],"author":[{"embeddable":true,"href":"https:\/\/b.main-gauche.com\/wp-json\/wp\/v2\/users\/18"}],"replies":[{"embeddable":true,"href":"https:\/\/b.main-gauche.com\/wp-json\/wp\/v2\/comments?post=2253"}],"version-history":[{"count":14,"href":"https:\/\/b.main-gauche.com\/wp-json\/wp\/v2\/posts\/2253\/revisions"}],"predecessor-version":[{"id":7701,"href":"https:\/\/b.main-gauche.com\/wp-json\/wp\/v2\/posts\/2253\/revisions\/7701"}],"wp:featuredmedia":[{"embeddable":true,"href":"https:\/\/b.main-gauche.com\/wp-json\/wp\/v2\/media\/5077"}],"wp:attachment":[{"href":"https:\/\/b.main-gauche.com\/wp-json\/wp\/v2\/media?parent=2253"}],"wp:term":[{"taxonomy":"category","embeddable":true,"href":"https:\/\/b.main-gauche.com\/wp-json\/wp\/v2\/categories?post=2253"},{"taxonomy":"post_tag","embeddable":true,"href":"https:\/\/b.main-gauche.com\/wp-json\/wp\/v2\/tags?post=2253"}],"curies":[{"name":"wp","href":"https:\/\/api.w.org\/{rel}","templated":true}]}}